{"id":9989,"date":"2018-09-10T21:23:54","date_gmt":"2018-09-11T01:23:54","guid":{"rendered":"https:\/\/cahr.wpengine.com\/?p=9989"},"modified":"2018-09-10T21:27:26","modified_gmt":"2018-09-11T01:27:26","slug":"selon-un-chercheur-de-lagence-de-sante-publique-du-canada-il-existe-un-facteur-de-risque-biologique-qui-contribue-aux-infections-au-vih-chez-les-femmes","status":"publish","type":"post","link":"https:\/\/www.cahr-acrv.ca\/fr\/cahr-prix-et-bourses\/selon-un-chercheur-de-lagence-de-sante-publique-du-canada-il-existe-un-facteur-de-risque-biologique-qui-contribue-aux-infections-au-vih-chez-les-femmes\/","title":{"rendered":"Selon un chercheur de l\u2019Agence de sant\u00e9 publique du Canada, il existe un facteur de risque biologique qui contribue aux infections au VIH chez les femmes"},"content":{"rendered":"<p><strong>Les recherches pionni\u00e8res du Dr Burgener visent \u00e0 comprendre la biologie de la transmission du VIH chez les femmes, faisant de lui un chef de file international dans la collectivit\u00e9 scientifique du VIH\/sida.<\/strong><\/p>\n<p>Le VIH est, chez les femmes, un grave probl\u00e8me mondial, car on rel\u00e8ve pr\u00e8s de 1 000 infections nouvelles chaque jour chez les jeunes femmes \u2013 surtout par rapports sexuels. Il en est notamment ainsi dans les r\u00e9gions de l\u2019Afrique subsaharienne.<\/p>\n<blockquote><p>C\u2019est vraiment ahurissant si l\u2019on fait le calcul, \u00bb de dire le Dr Adam Burgener. \u00ab Cela signifie qu\u2019\u00e0 chaque minute ou presque, une jeune femme contracte l\u2019infection.<\/p><\/blockquote>\n<p>Dans son travail de pionnier \u00e0 l\u2019Agence de sant\u00e9 publique du Canada, le Dr Burgener essaie de comprendre la biologie de transmission du VIH chez les femmes. C\u2019est notamment sa productivit\u00e9 extraordinaire et sa vive influence sur le domaine, gr\u00e2ce \u00e0 ses recherches innovatrices, que le Dr Burgener a \u00e9t\u00e9 choisi pour le Prix d\u2019excellence en recherche ACRV-CANFAR 2018 en sciences fondamentales.<\/p>\n<p>Il a publi\u00e9 28 articles \u00e9valu\u00e9s par les pairs au cours des cinq derni\u00e8res ann\u00e9es, nombre d\u2019entre eux dans des publications de prestige, notamment Science, Plos Pathogens et OXFORD Academic\u2019s The Journal of Infectious Diseases. Son article publi\u00e9 r\u00e9cemment dans Science a suscit\u00e9 un changement de paradigme qui aidera \u00e0 faire progresser les efforts canadiens et mondiaux visant \u00e0 supprimer le VIH.<\/p>\n<p>Jusqu\u2019\u00e0 maintenant, la prophylaxie pr\u00e9exposition ou PrEP, a connu de vifs succ\u00e8s pour pr\u00e9venir les nouvelles infections \u00e0 VIH chez les hommes, mais chez les femmes, les essais cliniques n\u2019ont connu que des succ\u00e8s mitig\u00e9s. On a constat\u00e9 que, chez les femmes plus que chez les hommes, le respect du traitement est extr\u00eamement important pour que ces m\u00e9dicaments fonctionnent.<\/p>\n<p>Cela a incit\u00e9 le Dr Burgener \u00e0 se demander s\u2019il n\u2019existait pas, chez les femmes, comparativement aux hommes, des facteurs biologiques diff\u00e9rents qui pourraient contribuer \u00e0 la variabilit\u00e9 du succ\u00e8s des produits de pr\u00e9vention du VIH.<\/p>\n<p>La recherche du Dr Burgener a fait ressortir que le microbiome vaginal (les micro-organismes pr\u00e9sents naturellement dans ce milieu) r\u00e9duit l\u2019efficacit\u00e9 du traitement PrEP topique pour la pr\u00e9vention du VIH \u2013, m\u00eame chez les femmes qui respectent au maximum le traitement. Le travail de suivi a permis de constater que des bact\u00e9ries pourraient m\u00e9taboliser les antir\u00e9troviraux.<\/p>\n<p>Cette constatation a une immense importance sur les plans clinique et de sant\u00e9 publique. Cela invalide le dogme g\u00e9n\u00e9ralement reconnu que le non-respect du traitement est la seule raison pour laquelle certaines formes de PrEP n\u2019ont eu que peu de succ\u00e8s pour pr\u00e9venir les nouvelles infections au VIH chez les femmes.<\/p>\n<p>\u00ab Nous constatons que les femmes o\u00f9 les lactobacilles sont absents courent un risque beaucoup plus \u00e9lev\u00e9 d\u2019acqu\u00e9rir le VIH \u00bb, de dire le Dr Burgener. \u00ab Elles poss\u00e8dent d\u2019autres collectivit\u00e9s microbiennes diverses et cela est d\u00e9j\u00e0 associ\u00e9 \u00e0 un risque accru de VIH. Non seulement cela, mais chez ces femmes, la PrEP topique n\u2019est pas efficace. \u00bb<\/p>\n<p>Selon le Dr Burgener, cela peut entra\u00eener un risque jusqu\u2019\u00e0 six fois plus \u00e9lev\u00e9 d\u2019infection au VIH et la recherche a permis de constater que le milieu vaginal de nombre de femmes en Afrique du Sud et en Afrique subsaharienne poss\u00e8de ces collectivit\u00e9s microbiennes diverses.<\/p>\n<blockquote><p>Nous essayons de comprendre ce qu\u2019ont de particulier ces bact\u00e9ries qui entra\u00eenent un risque accru d\u2019infection, et popsonsune question plus vaste, ces bact\u00e9ries sont-elles importantes dans les strat\u00e9gies de pr\u00e9vention du VIH?<\/p><\/blockquote>\n<p>Actuellement, on dresse des plans afin d\u2019offrir la PrEP \u00e0 des millions de femmes en Afrique. Les recherches du Dr Burgener pourraient influencer la politique sanitaire, ainsi que les r\u00e9percussions cliniques et le lancement de certains types de PrEP chez les jeunes femmes dans tout le continent africain.<\/p>\n<p>\u00ab Il ressort des donn\u00e9es r\u00e9centes du Dr Burgener qu\u2019il faut davantage de recherche sur le microbiome et l\u2019inflammation du canal g\u00e9nital, \u00bb de dire la Dre Gita Ramjee, directrice de la recherche sur la pr\u00e9vention du VIH au conseil de recherches m\u00e9dicales d\u2019Afrique du Sud. \u00ab Il n\u2019y a eu que peu de recherches sur la fa\u00e7on dont ces facteurs pourraient influer sur les strat\u00e9gies de pr\u00e9vention du VIH. \u00bb<\/p>\n<p>Selon la Dre Ramjee, les recherches du Dr Burgener ont permis de d\u00e9gager de nouveaux facteurs biologiques qui contribuent au risque d\u2019infection au VIH et ont des r\u00e9percussions sur l\u2019efficacit\u00e9 des technologies de pr\u00e9vention.<\/p>\n<p>Dans ses cinq premi\u00e8res ann\u00e9es comme membre du corps professoral \u00e0 l\u2019Universit\u00e9 du Manitoba et chercheur \u00e0 l\u2019Agence de sant\u00e9 publique du Canada, le Dr Burgener a manifest\u00e9 un engagement \u00e0 transmettre ce qu\u2019il a appris et \u00e0 faire avancer les connaissances des chercheures sur le VIH.<\/p>\n<p>\u00ab La seule fa\u00e7on de vaincre cette maladie est d\u2019acqu\u00e9rir une bonne formation et de veiller \u00e0 ce que la prochaine g\u00e9n\u00e9ration de scientifiques consacre vraiment ses efforts \u00e0 cette maladie, car nous ne pouvons porter le flambeau \u00e0 jamais, \u00bb dit-il. \u00ab Nous devons transmettre ces connaissances afin que des gens plus jeunes et plus brillants puissent trouver la solution. \u00bb<\/p>\n<p>Pour la Dre Ramjee, le travail du Dr Burgener est \u00ab exceptionnel par sa cr\u00e9ativit\u00e9 et sa rigueur scientifique \u00bb et ses conclusions se situent facilement parmi les 10 meilleures histoires les plus int\u00e9ressantes sur le VIH dans le monde l\u2019an dernier.<\/p>\n","protected":false},"excerpt":{"rendered":"<p>Les recherches pionni\u00e8res du Dr Burgener visent \u00e0 comprendre la biologie de la transmission du VIH chez les femmes, faisant de lui un chef de file international dans la collectivit\u00e9 scientifique du VIH\/sida. Le VIH est, chez les femmes, un grave probl\u00e8me mondial, car on rel\u00e8ve pr\u00e8s de 1 000 infections nouvelles chaque jour chez [&hellip;]<\/p>\n","protected":false},"author":9,"featured_media":0,"comment_status":"closed","ping_status":"closed","sticky":false,"template":"","format":"standard","meta":{"_acf_changed":false,"inline_featured_image":false,"footnotes":""},"categories":[44],"tags":[78],"class_list":["post-9989","post","type-post","status-publish","format-standard","hentry","category-cahr-prix-et-bourses","tag-prix-dexcellence-en-recherche-acrv-canfar"],"acf":[],"yoast_head":"<!-- This site is optimized with the Yoast SEO plugin v27.4 - https:\/\/yoast.com\/product\/yoast-seo-wordpress\/ -->\n<title>Selon un chercheur de l\u2019Agence de sant\u00e9 publique du Canada, il existe un facteur de risque biologique qui contribue aux infections au VIH chez les femmes &#8211; ACRV<\/title>\n<meta name=\"robots\" content=\"index, follow, max-snippet:-1, max-image-preview:large, max-video-preview:-1\" \/>\n<link rel=\"canonical\" href=\"https:\/\/www.cahr-acrv.ca\/fr\/cahr-prix-et-bourses\/selon-un-chercheur-de-lagence-de-sante-publique-du-canada-il-existe-un-facteur-de-risque-biologique-qui-contribue-aux-infections-au-vih-chez-les-femmes\/\" \/>\n<meta property=\"og:locale\" content=\"fr_FR\" \/>\n<meta property=\"og:type\" content=\"article\" \/>\n<meta property=\"og:title\" content=\"Selon un chercheur de l\u2019Agence de sant\u00e9 publique du Canada, il existe un facteur de risque biologique qui contribue aux infections au VIH chez les femmes &#8211; ACRV\" \/>\n<meta property=\"og:description\" content=\"Les recherches pionni\u00e8res du Dr Burgener visent \u00e0 comprendre la biologie de la transmission du VIH chez les femmes, faisant de lui un chef de file international dans la collectivit\u00e9 scientifique du VIH\/sida. Le VIH est, chez les femmes, un grave probl\u00e8me mondial, car on rel\u00e8ve pr\u00e8s de 1 000 infections nouvelles chaque jour chez [&hellip;]\" \/>\n<meta property=\"og:url\" content=\"https:\/\/www.cahr-acrv.ca\/fr\/cahr-prix-et-bourses\/selon-un-chercheur-de-lagence-de-sante-publique-du-canada-il-existe-un-facteur-de-risque-biologique-qui-contribue-aux-infections-au-vih-chez-les-femmes\/\" \/>\n<meta property=\"og:site_name\" content=\"ACRV\" \/>\n<meta property=\"article:publisher\" content=\"https:\/\/www.facebook.com\/CanadianAssociationforHIVResearch\" \/>\n<meta property=\"article:published_time\" content=\"2018-09-11T01:23:54+00:00\" \/>\n<meta property=\"article:modified_time\" content=\"2018-09-11T01:27:26+00:00\" \/>\n<meta name=\"author\" content=\"Jay\" \/>\n<meta name=\"twitter:card\" content=\"summary_large_image\" \/>\n<meta name=\"twitter:creator\" content=\"@CAHR_ACRV\" \/>\n<meta name=\"twitter:site\" content=\"@CAHR_ACRV\" \/>\n<meta name=\"twitter:label1\" content=\"\u00c9crit par\" \/>\n\t<meta name=\"twitter:data1\" content=\"Jay\" \/>\n\t<meta name=\"twitter:label2\" content=\"Dur\u00e9e de lecture estim\u00e9e\" \/>\n\t<meta name=\"twitter:data2\" content=\"5 minutes\" \/>\n<script type=\"application\/ld+json\" class=\"yoast-schema-graph\">{\"@context\":\"https:\\\/\\\/schema.org\",\"@graph\":[{\"@type\":\"Article\",\"@id\":\"https:\\\/\\\/www.cahr-acrv.ca\\\/fr\\\/cahr-prix-et-bourses\\\/selon-un-chercheur-de-lagence-de-sante-publique-du-canada-il-existe-un-facteur-de-risque-biologique-qui-contribue-aux-infections-au-vih-chez-les-femmes\\\/#article\",\"isPartOf\":{\"@id\":\"https:\\\/\\\/www.cahr-acrv.ca\\\/fr\\\/cahr-prix-et-bourses\\\/selon-un-chercheur-de-lagence-de-sante-publique-du-canada-il-existe-un-facteur-de-risque-biologique-qui-contribue-aux-infections-au-vih-chez-les-femmes\\\/\"},\"author\":{\"name\":\"Jay\",\"@id\":\"https:\\\/\\\/www.cahr-acrv.ca\\\/#\\\/schema\\\/person\\\/027e76acb03ba9e90c32bc1f76c38572\"},\"headline\":\"Selon un chercheur de l\u2019Agence de sant\u00e9 publique du Canada, il existe un facteur de risque biologique qui contribue aux infections au VIH chez les femmes\",\"datePublished\":\"2018-09-11T01:23:54+00:00\",\"dateModified\":\"2018-09-11T01:27:26+00:00\",\"mainEntityOfPage\":{\"@id\":\"https:\\\/\\\/www.cahr-acrv.ca\\\/fr\\\/cahr-prix-et-bourses\\\/selon-un-chercheur-de-lagence-de-sante-publique-du-canada-il-existe-un-facteur-de-risque-biologique-qui-contribue-aux-infections-au-vih-chez-les-femmes\\\/\"},\"wordCount\":950,\"publisher\":{\"@id\":\"https:\\\/\\\/www.cahr-acrv.ca\\\/#organization\"},\"keywords\":[\"Prix d'excellence en recherche ACRV-CANFAR\"],\"articleSection\":[\"Laur\u00e9at du prix\"],\"inLanguage\":\"fr-FR\"},{\"@type\":\"WebPage\",\"@id\":\"https:\\\/\\\/www.cahr-acrv.ca\\\/fr\\\/cahr-prix-et-bourses\\\/selon-un-chercheur-de-lagence-de-sante-publique-du-canada-il-existe-un-facteur-de-risque-biologique-qui-contribue-aux-infections-au-vih-chez-les-femmes\\\/\",\"url\":\"https:\\\/\\\/www.cahr-acrv.ca\\\/fr\\\/cahr-prix-et-bourses\\\/selon-un-chercheur-de-lagence-de-sante-publique-du-canada-il-existe-un-facteur-de-risque-biologique-qui-contribue-aux-infections-au-vih-chez-les-femmes\\\/\",\"name\":\"Selon un chercheur de l\u2019Agence de sant\u00e9 publique du Canada, il existe un facteur de risque biologique qui contribue aux infections au VIH chez les femmes &#8211; ACRV\",\"isPartOf\":{\"@id\":\"https:\\\/\\\/www.cahr-acrv.ca\\\/#website\"},\"datePublished\":\"2018-09-11T01:23:54+00:00\",\"dateModified\":\"2018-09-11T01:27:26+00:00\",\"breadcrumb\":{\"@id\":\"https:\\\/\\\/www.cahr-acrv.ca\\\/fr\\\/cahr-prix-et-bourses\\\/selon-un-chercheur-de-lagence-de-sante-publique-du-canada-il-existe-un-facteur-de-risque-biologique-qui-contribue-aux-infections-au-vih-chez-les-femmes\\\/#breadcrumb\"},\"inLanguage\":\"fr-FR\",\"potentialAction\":[{\"@type\":\"ReadAction\",\"target\":[\"https:\\\/\\\/www.cahr-acrv.ca\\\/fr\\\/cahr-prix-et-bourses\\\/selon-un-chercheur-de-lagence-de-sante-publique-du-canada-il-existe-un-facteur-de-risque-biologique-qui-contribue-aux-infections-au-vih-chez-les-femmes\\\/\"]}]},{\"@type\":\"BreadcrumbList\",\"@id\":\"https:\\\/\\\/www.cahr-acrv.ca\\\/fr\\\/cahr-prix-et-bourses\\\/selon-un-chercheur-de-lagence-de-sante-publique-du-canada-il-existe-un-facteur-de-risque-biologique-qui-contribue-aux-infections-au-vih-chez-les-femmes\\\/#breadcrumb\",\"itemListElement\":[{\"@type\":\"ListItem\",\"position\":1,\"name\":\"Accueil\",\"item\":\"https:\\\/\\\/www.cahr-acrv.ca\\\/fr\\\/accueil\\\/\"},{\"@type\":\"ListItem\",\"position\":2,\"name\":\"Selon un chercheur de l\u2019Agence de sant\u00e9 publique du Canada, il existe un facteur de risque biologique qui contribue aux infections au VIH chez les femmes\"}]},{\"@type\":\"WebSite\",\"@id\":\"https:\\\/\\\/www.cahr-acrv.ca\\\/#website\",\"url\":\"https:\\\/\\\/www.cahr-acrv.ca\\\/\",\"name\":\"ACRV\",\"description\":\"L'association canadienne de recherche sur le VIH\",\"publisher\":{\"@id\":\"https:\\\/\\\/www.cahr-acrv.ca\\\/#organization\"},\"potentialAction\":[{\"@type\":\"SearchAction\",\"target\":{\"@type\":\"EntryPoint\",\"urlTemplate\":\"https:\\\/\\\/www.cahr-acrv.ca\\\/?s={search_term_string}\"},\"query-input\":{\"@type\":\"PropertyValueSpecification\",\"valueRequired\":true,\"valueName\":\"search_term_string\"}}],\"inLanguage\":\"fr-FR\"},{\"@type\":\"Organization\",\"@id\":\"https:\\\/\\\/www.cahr-acrv.ca\\\/#organization\",\"name\":\"Canadian Association for HIV Research\",\"alternateName\":\"CAHR\",\"url\":\"https:\\\/\\\/www.cahr-acrv.ca\\\/\",\"logo\":{\"@type\":\"ImageObject\",\"inLanguage\":\"fr-FR\",\"@id\":\"https:\\\/\\\/www.cahr-acrv.ca\\\/#\\\/schema\\\/logo\\\/image\\\/\",\"url\":\"https:\\\/\\\/www.cahr-acrv.ca\\\/wp-content\\\/uploads\\\/2025\\\/06\\\/cahr-organization-logo.png\",\"contentUrl\":\"https:\\\/\\\/www.cahr-acrv.ca\\\/wp-content\\\/uploads\\\/2025\\\/06\\\/cahr-organization-logo.png\",\"width\":696,\"height\":696,\"caption\":\"Canadian Association for HIV Research\"},\"image\":{\"@id\":\"https:\\\/\\\/www.cahr-acrv.ca\\\/#\\\/schema\\\/logo\\\/image\\\/\"},\"sameAs\":[\"https:\\\/\\\/www.facebook.com\\\/CanadianAssociationforHIVResearch\",\"https:\\\/\\\/x.com\\\/CAHR_ACRV\",\"https:\\\/\\\/bsky.app\\\/profile\\\/cahr-acrv.bsky.social\",\"https:\\\/\\\/www.youtube.com\\\/user\\\/CAHRACRV\",\"https:\\\/\\\/www.instagram.com\\\/cahr_acrv\\\/\",\"https:\\\/\\\/www.linkedin.com\\\/company\\\/canadian-association-for-hiv-research\\\/\"]},{\"@type\":\"Person\",\"@id\":\"https:\\\/\\\/www.cahr-acrv.ca\\\/#\\\/schema\\\/person\\\/027e76acb03ba9e90c32bc1f76c38572\",\"name\":\"Jay\",\"image\":{\"@type\":\"ImageObject\",\"inLanguage\":\"fr-FR\",\"@id\":\"https:\\\/\\\/secure.gravatar.com\\\/avatar\\\/31e31149ef35ad5e6ce7f3e33c355bf3e20940029cb1d8df97c1180323cd6d6a?s=96&d=mm&r=g\",\"url\":\"https:\\\/\\\/secure.gravatar.com\\\/avatar\\\/31e31149ef35ad5e6ce7f3e33c355bf3e20940029cb1d8df97c1180323cd6d6a?s=96&d=mm&r=g\",\"contentUrl\":\"https:\\\/\\\/secure.gravatar.com\\\/avatar\\\/31e31149ef35ad5e6ce7f3e33c355bf3e20940029cb1d8df97c1180323cd6d6a?s=96&d=mm&r=g\",\"caption\":\"Jay\"}}]}<\/script>\n<!-- \/ Yoast SEO plugin. -->","yoast_head_json":{"title":"Selon un chercheur de l\u2019Agence de sant\u00e9 publique du Canada, il existe un facteur de risque biologique qui contribue aux infections au VIH chez les femmes &#8211; ACRV","robots":{"index":"index","follow":"follow","max-snippet":"max-snippet:-1","max-image-preview":"max-image-preview:large","max-video-preview":"max-video-preview:-1"},"canonical":"https:\/\/www.cahr-acrv.ca\/fr\/cahr-prix-et-bourses\/selon-un-chercheur-de-lagence-de-sante-publique-du-canada-il-existe-un-facteur-de-risque-biologique-qui-contribue-aux-infections-au-vih-chez-les-femmes\/","og_locale":"fr_FR","og_type":"article","og_title":"Selon un chercheur de l\u2019Agence de sant\u00e9 publique du Canada, il existe un facteur de risque biologique qui contribue aux infections au VIH chez les femmes &#8211; ACRV","og_description":"Les recherches pionni\u00e8res du Dr Burgener visent \u00e0 comprendre la biologie de la transmission du VIH chez les femmes, faisant de lui un chef de file international dans la collectivit\u00e9 scientifique du VIH\/sida. Le VIH est, chez les femmes, un grave probl\u00e8me mondial, car on rel\u00e8ve pr\u00e8s de 1 000 infections nouvelles chaque jour chez [&hellip;]","og_url":"https:\/\/www.cahr-acrv.ca\/fr\/cahr-prix-et-bourses\/selon-un-chercheur-de-lagence-de-sante-publique-du-canada-il-existe-un-facteur-de-risque-biologique-qui-contribue-aux-infections-au-vih-chez-les-femmes\/","og_site_name":"ACRV","article_publisher":"https:\/\/www.facebook.com\/CanadianAssociationforHIVResearch","article_published_time":"2018-09-11T01:23:54+00:00","article_modified_time":"2018-09-11T01:27:26+00:00","author":"Jay","twitter_card":"summary_large_image","twitter_creator":"@CAHR_ACRV","twitter_site":"@CAHR_ACRV","twitter_misc":{"\u00c9crit par":"Jay","Dur\u00e9e de lecture estim\u00e9e":"5 minutes"},"schema":{"@context":"https:\/\/schema.org","@graph":[{"@type":"Article","@id":"https:\/\/www.cahr-acrv.ca\/fr\/cahr-prix-et-bourses\/selon-un-chercheur-de-lagence-de-sante-publique-du-canada-il-existe-un-facteur-de-risque-biologique-qui-contribue-aux-infections-au-vih-chez-les-femmes\/#article","isPartOf":{"@id":"https:\/\/www.cahr-acrv.ca\/fr\/cahr-prix-et-bourses\/selon-un-chercheur-de-lagence-de-sante-publique-du-canada-il-existe-un-facteur-de-risque-biologique-qui-contribue-aux-infections-au-vih-chez-les-femmes\/"},"author":{"name":"Jay","@id":"https:\/\/www.cahr-acrv.ca\/#\/schema\/person\/027e76acb03ba9e90c32bc1f76c38572"},"headline":"Selon un chercheur de l\u2019Agence de sant\u00e9 publique du Canada, il existe un facteur de risque biologique qui contribue aux infections au VIH chez les femmes","datePublished":"2018-09-11T01:23:54+00:00","dateModified":"2018-09-11T01:27:26+00:00","mainEntityOfPage":{"@id":"https:\/\/www.cahr-acrv.ca\/fr\/cahr-prix-et-bourses\/selon-un-chercheur-de-lagence-de-sante-publique-du-canada-il-existe-un-facteur-de-risque-biologique-qui-contribue-aux-infections-au-vih-chez-les-femmes\/"},"wordCount":950,"publisher":{"@id":"https:\/\/www.cahr-acrv.ca\/#organization"},"keywords":["Prix d'excellence en recherche ACRV-CANFAR"],"articleSection":["Laur\u00e9at du prix"],"inLanguage":"fr-FR"},{"@type":"WebPage","@id":"https:\/\/www.cahr-acrv.ca\/fr\/cahr-prix-et-bourses\/selon-un-chercheur-de-lagence-de-sante-publique-du-canada-il-existe-un-facteur-de-risque-biologique-qui-contribue-aux-infections-au-vih-chez-les-femmes\/","url":"https:\/\/www.cahr-acrv.ca\/fr\/cahr-prix-et-bourses\/selon-un-chercheur-de-lagence-de-sante-publique-du-canada-il-existe-un-facteur-de-risque-biologique-qui-contribue-aux-infections-au-vih-chez-les-femmes\/","name":"Selon un chercheur de l\u2019Agence de sant\u00e9 publique du Canada, il existe un facteur de risque biologique qui contribue aux infections au VIH chez les femmes &#8211; ACRV","isPartOf":{"@id":"https:\/\/www.cahr-acrv.ca\/#website"},"datePublished":"2018-09-11T01:23:54+00:00","dateModified":"2018-09-11T01:27:26+00:00","breadcrumb":{"@id":"https:\/\/www.cahr-acrv.ca\/fr\/cahr-prix-et-bourses\/selon-un-chercheur-de-lagence-de-sante-publique-du-canada-il-existe-un-facteur-de-risque-biologique-qui-contribue-aux-infections-au-vih-chez-les-femmes\/#breadcrumb"},"inLanguage":"fr-FR","potentialAction":[{"@type":"ReadAction","target":["https:\/\/www.cahr-acrv.ca\/fr\/cahr-prix-et-bourses\/selon-un-chercheur-de-lagence-de-sante-publique-du-canada-il-existe-un-facteur-de-risque-biologique-qui-contribue-aux-infections-au-vih-chez-les-femmes\/"]}]},{"@type":"BreadcrumbList","@id":"https:\/\/www.cahr-acrv.ca\/fr\/cahr-prix-et-bourses\/selon-un-chercheur-de-lagence-de-sante-publique-du-canada-il-existe-un-facteur-de-risque-biologique-qui-contribue-aux-infections-au-vih-chez-les-femmes\/#breadcrumb","itemListElement":[{"@type":"ListItem","position":1,"name":"Accueil","item":"https:\/\/www.cahr-acrv.ca\/fr\/accueil\/"},{"@type":"ListItem","position":2,"name":"Selon un chercheur de l\u2019Agence de sant\u00e9 publique du Canada, il existe un facteur de risque biologique qui contribue aux infections au VIH chez les femmes"}]},{"@type":"WebSite","@id":"https:\/\/www.cahr-acrv.ca\/#website","url":"https:\/\/www.cahr-acrv.ca\/","name":"ACRV","description":"L'association canadienne de recherche sur le VIH","publisher":{"@id":"https:\/\/www.cahr-acrv.ca\/#organization"},"potentialAction":[{"@type":"SearchAction","target":{"@type":"EntryPoint","urlTemplate":"https:\/\/www.cahr-acrv.ca\/?s={search_term_string}"},"query-input":{"@type":"PropertyValueSpecification","valueRequired":true,"valueName":"search_term_string"}}],"inLanguage":"fr-FR"},{"@type":"Organization","@id":"https:\/\/www.cahr-acrv.ca\/#organization","name":"Canadian Association for HIV Research","alternateName":"CAHR","url":"https:\/\/www.cahr-acrv.ca\/","logo":{"@type":"ImageObject","inLanguage":"fr-FR","@id":"https:\/\/www.cahr-acrv.ca\/#\/schema\/logo\/image\/","url":"https:\/\/www.cahr-acrv.ca\/wp-content\/uploads\/2025\/06\/cahr-organization-logo.png","contentUrl":"https:\/\/www.cahr-acrv.ca\/wp-content\/uploads\/2025\/06\/cahr-organization-logo.png","width":696,"height":696,"caption":"Canadian Association for HIV Research"},"image":{"@id":"https:\/\/www.cahr-acrv.ca\/#\/schema\/logo\/image\/"},"sameAs":["https:\/\/www.facebook.com\/CanadianAssociationforHIVResearch","https:\/\/x.com\/CAHR_ACRV","https:\/\/bsky.app\/profile\/cahr-acrv.bsky.social","https:\/\/www.youtube.com\/user\/CAHRACRV","https:\/\/www.instagram.com\/cahr_acrv\/","https:\/\/www.linkedin.com\/company\/canadian-association-for-hiv-research\/"]},{"@type":"Person","@id":"https:\/\/www.cahr-acrv.ca\/#\/schema\/person\/027e76acb03ba9e90c32bc1f76c38572","name":"Jay","image":{"@type":"ImageObject","inLanguage":"fr-FR","@id":"https:\/\/secure.gravatar.com\/avatar\/31e31149ef35ad5e6ce7f3e33c355bf3e20940029cb1d8df97c1180323cd6d6a?s=96&d=mm&r=g","url":"https:\/\/secure.gravatar.com\/avatar\/31e31149ef35ad5e6ce7f3e33c355bf3e20940029cb1d8df97c1180323cd6d6a?s=96&d=mm&r=g","contentUrl":"https:\/\/secure.gravatar.com\/avatar\/31e31149ef35ad5e6ce7f3e33c355bf3e20940029cb1d8df97c1180323cd6d6a?s=96&d=mm&r=g","caption":"Jay"}}]}},"_links":{"self":[{"href":"https:\/\/www.cahr-acrv.ca\/fr\/wp-json\/wp\/v2\/posts\/9989","targetHints":{"allow":["GET"]}}],"collection":[{"href":"https:\/\/www.cahr-acrv.ca\/fr\/wp-json\/wp\/v2\/posts"}],"about":[{"href":"https:\/\/www.cahr-acrv.ca\/fr\/wp-json\/wp\/v2\/types\/post"}],"author":[{"embeddable":true,"href":"https:\/\/www.cahr-acrv.ca\/fr\/wp-json\/wp\/v2\/users\/9"}],"replies":[{"embeddable":true,"href":"https:\/\/www.cahr-acrv.ca\/fr\/wp-json\/wp\/v2\/comments?post=9989"}],"version-history":[{"count":0,"href":"https:\/\/www.cahr-acrv.ca\/fr\/wp-json\/wp\/v2\/posts\/9989\/revisions"}],"wp:attachment":[{"href":"https:\/\/www.cahr-acrv.ca\/fr\/wp-json\/wp\/v2\/media?parent=9989"}],"wp:term":[{"taxonomy":"category","embeddable":true,"href":"https:\/\/www.cahr-acrv.ca\/fr\/wp-json\/wp\/v2\/categories?post=9989"},{"taxonomy":"post_tag","embeddable":true,"href":"https:\/\/www.cahr-acrv.ca\/fr\/wp-json\/wp\/v2\/tags?post=9989"}],"curies":[{"name":"wp","href":"https:\/\/api.w.org\/{rel}","templated":true}]}}