{"id":9930,"date":"2018-07-03T10:31:25","date_gmt":"2018-07-03T14:31:25","guid":{"rendered":"https:\/\/cahr.wpengine.com\/?p=9930"},"modified":"2018-07-03T10:31:59","modified_gmt":"2018-07-03T14:31:59","slug":"la-dre-alexandra-king-et-la-dre-linda-chelico-copresideront-le-28e-congres-annuel-canadien-de-recherche-sur-le-vih-sida-acrv-2019","status":"publish","type":"post","link":"https:\/\/www.cahr-acrv.ca\/fr\/un-article\/la-dre-alexandra-king-et-la-dre-linda-chelico-copresideront-le-28e-congres-annuel-canadien-de-recherche-sur-le-vih-sida-acrv-2019\/","title":{"rendered":"La Dre Alexandra King et la Dre Linda Chelico copr\u00e9sideront le  28e Congr\u00e8s annuel canadien de recherch\u00e9 sur le VIH\/sida (ACRV 2019)"},"content":{"rendered":"<p>Le Conseil d\u2019administration de l\u2019Association canadienne de recherche sur le VIH (ACRV) a le plaisir d\u2019annoncer les copr\u00e9sidents du 28e Congr\u00e8s annuel canadien de recherche sur le VIH\/sida (ACRV 2019). Co-pr\u00e9sideront le Congr\u00e8s de 2019 la Dre Alexandra King, chaire Cameco en sant\u00e9 autochtone (Universit\u00e9 de la Saskatchewan) et la Dre Linda Chelico, professeure agr\u00e9g\u00e9e au d\u00e9partement de microbiologie et immunologie (Universit\u00e9 de la Saskatchewan) et codirectrice de SHARE (entreprise de recherche sur le VIH\/sida de la Saskatchewan).<\/p>\n<p>\u00ab C\u2019est un grand honneur que les Dres Chelico et King assument ce r\u00f4le important et nous avons h\u00e2te que le congr\u00e8s ait \u00e0 nouveau lieu en Saskatchewan \u00bb, de dire le Dr Curtis Cooper (Universit\u00e9 d\u2019Ottawa), pr\u00e9sident de l\u2019ACRV. \u00ab Cet \u00e9v\u00e9nement de quatre jours attirera une attention tr\u00e8s n\u00e9cessaire sur la r\u00e9alit\u00e9, \u00e0 savoir que la Saskatchewan affiche le taux le plus \u00e9lev\u00e9 de VIH au Canada et que les populations autochtones du Canada demeurent affect\u00e9es de fa\u00e7on disproportionn\u00e9e par le VIH. Nous avons h\u00e2te d\u2019entendre les nombreuses personnes et organisations qui font la diff\u00e9rence en Saskatchewan. \u00bb<\/p>\n<p>\u00ab Actuellement, il est bien connu que la Saskatchewan affiche constamment l\u2019incidence la plus \u00e9lev\u00e9e de VIH au Canada et que les Autochtones sont gravement affect\u00e9s \u00bb, disait les Dres King et Chelico. \u00ab La statistique pour l\u2019h\u00e9patite C est analogue et la Saskatchewan affiche les taux de coinfections parmi les plus \u00e9lev\u00e9s du pays. Ce qui est absent de ces donn\u00e9es statistiques, par contre, c\u2019est la force des personnes qui vivent ici \u2013 les histoires des collectivit\u00e9s qui se rassemblent, les gens passionn\u00e9s qui \u0153uvrent tout au long du continuum des soins et dans les laboratoires de sant\u00e9 publique, ainsi que les chercheurs innovants qui \u0153uvrent en premi\u00e8re ligne de l\u2019\u00e9pid\u00e9mie. En accueillant le congr\u00e8s de l\u2019ACRV \u00e0 Saskatoon, les chercheurs de l\u2019ensemble du pays pourront admirer directement la beaut\u00e9 de nos terres et la r\u00e9silience des gens qui y vivent. L\u2019ACRV 2019 est l\u2019occasion d\u2019amorcer de fa\u00e7on respectueuse et s\u00e9rieuse les conversations sur l\u2019\u00ab \u00e9pid\u00e9mie \u00bb et de maintenir la rigueur scientifique qui a fait la r\u00e9putation des chercheurs de l\u2019ACRV. \u00bb<\/p>\n<p>Le congr\u00e8s annuel, qui se tiendra du 9 au 12 mai 2019 \u00e0 Saskatoon, est, au Canada, le rassemblement par excellence des personnes qui travaillent dans toutes les disciplines de la recherche sur le VIH\/sida, de m\u00eame que des responsables de l\u2019\u00e9laboration des politiques, des personnes vivant avec le VIH et autres personnes engag\u00e9es \u00e0 mettre fin \u00e0 la pand\u00e9mie.<\/p>\n","protected":false},"excerpt":{"rendered":"<p>Le Conseil d\u2019administration de l\u2019Association canadienne de recherche sur le VIH (ACRV) a le plaisir d\u2019annoncer les copr\u00e9sidents du 28e Congr\u00e8s annuel canadien de recherche sur le VIH\/sida (ACRV 2019). Co-pr\u00e9sideront le Congr\u00e8s de 2019 la Dre Alexandra King, chaire Cameco en sant\u00e9 autochtone (Universit\u00e9 de la Saskatchewan) et la Dre Linda Chelico, professeure agr\u00e9g\u00e9e [&hellip;]<\/p>\n","protected":false},"author":9,"featured_media":0,"comment_status":"closed","ping_status":"closed","sticky":false,"template":"","format":"standard","meta":{"_acf_changed":false,"inline_featured_image":false,"footnotes":""},"categories":[4],"tags":[],"class_list":["post-9930","post","type-post","status-publish","format-standard","hentry","category-un-article"],"acf":[],"yoast_head":"<!-- This site is optimized with the Yoast SEO plugin v27.4 - https:\/\/yoast.com\/product\/yoast-seo-wordpress\/ -->\n<title>La Dre Alexandra King et la Dre Linda Chelico copr\u00e9sideront le 28e Congr\u00e8s annuel canadien de recherch\u00e9 sur le VIH\/sida (ACRV 2019) &#8211; ACRV<\/title>\n<meta name=\"robots\" content=\"index, follow, max-snippet:-1, max-image-preview:large, max-video-preview:-1\" \/>\n<link rel=\"canonical\" href=\"https:\/\/www.cahr-acrv.ca\/fr\/un-article\/la-dre-alexandra-king-et-la-dre-linda-chelico-copresideront-le-28e-congres-annuel-canadien-de-recherche-sur-le-vih-sida-acrv-2019\/\" \/>\n<meta property=\"og:locale\" content=\"fr_FR\" \/>\n<meta property=\"og:type\" content=\"article\" \/>\n<meta property=\"og:title\" content=\"La Dre Alexandra King et la Dre Linda Chelico copr\u00e9sideront le 28e Congr\u00e8s annuel canadien de recherch\u00e9 sur le VIH\/sida (ACRV 2019) &#8211; ACRV\" \/>\n<meta property=\"og:description\" content=\"Le Conseil d\u2019administration de l\u2019Association canadienne de recherche sur le VIH (ACRV) a le plaisir d\u2019annoncer les copr\u00e9sidents du 28e Congr\u00e8s annuel canadien de recherche sur le VIH\/sida (ACRV 2019). Co-pr\u00e9sideront le Congr\u00e8s de 2019 la Dre Alexandra King, chaire Cameco en sant\u00e9 autochtone (Universit\u00e9 de la Saskatchewan) et la Dre Linda Chelico, professeure agr\u00e9g\u00e9e [&hellip;]\" \/>\n<meta property=\"og:url\" content=\"https:\/\/www.cahr-acrv.ca\/fr\/un-article\/la-dre-alexandra-king-et-la-dre-linda-chelico-copresideront-le-28e-congres-annuel-canadien-de-recherche-sur-le-vih-sida-acrv-2019\/\" \/>\n<meta property=\"og:site_name\" content=\"ACRV\" \/>\n<meta property=\"article:publisher\" content=\"https:\/\/www.facebook.com\/CanadianAssociationforHIVResearch\" \/>\n<meta property=\"article:published_time\" content=\"2018-07-03T14:31:25+00:00\" \/>\n<meta property=\"article:modified_time\" content=\"2018-07-03T14:31:59+00:00\" \/>\n<meta name=\"author\" content=\"Jay\" \/>\n<meta name=\"twitter:card\" content=\"summary_large_image\" \/>\n<meta name=\"twitter:creator\" content=\"@CAHR_ACRV\" \/>\n<meta name=\"twitter:site\" content=\"@CAHR_ACRV\" \/>\n<meta name=\"twitter:label1\" content=\"\u00c9crit par\" \/>\n\t<meta name=\"twitter:data1\" content=\"Jay\" \/>\n\t<meta name=\"twitter:label2\" content=\"Dur\u00e9e de lecture estim\u00e9e\" \/>\n\t<meta name=\"twitter:data2\" content=\"2 minutes\" \/>\n<script type=\"application\/ld+json\" class=\"yoast-schema-graph\">{\"@context\":\"https:\\\/\\\/schema.org\",\"@graph\":[{\"@type\":\"Article\",\"@id\":\"https:\\\/\\\/www.cahr-acrv.ca\\\/fr\\\/un-article\\\/la-dre-alexandra-king-et-la-dre-linda-chelico-copresideront-le-28e-congres-annuel-canadien-de-recherche-sur-le-vih-sida-acrv-2019\\\/#article\",\"isPartOf\":{\"@id\":\"https:\\\/\\\/www.cahr-acrv.ca\\\/fr\\\/un-article\\\/la-dre-alexandra-king-et-la-dre-linda-chelico-copresideront-le-28e-congres-annuel-canadien-de-recherche-sur-le-vih-sida-acrv-2019\\\/\"},\"author\":{\"name\":\"Jay\",\"@id\":\"https:\\\/\\\/www.cahr-acrv.ca\\\/#\\\/schema\\\/person\\\/027e76acb03ba9e90c32bc1f76c38572\"},\"headline\":\"La Dre Alexandra King et la Dre Linda Chelico copr\u00e9sideront le 28e Congr\u00e8s annuel canadien de recherch\u00e9 sur le VIH\\\/sida (ACRV 2019)\",\"datePublished\":\"2018-07-03T14:31:25+00:00\",\"dateModified\":\"2018-07-03T14:31:59+00:00\",\"mainEntityOfPage\":{\"@id\":\"https:\\\/\\\/www.cahr-acrv.ca\\\/fr\\\/un-article\\\/la-dre-alexandra-king-et-la-dre-linda-chelico-copresideront-le-28e-congres-annuel-canadien-de-recherche-sur-le-vih-sida-acrv-2019\\\/\"},\"wordCount\":474,\"publisher\":{\"@id\":\"https:\\\/\\\/www.cahr-acrv.ca\\\/#organization\"},\"articleSection\":[\"un Article\"],\"inLanguage\":\"fr-FR\"},{\"@type\":\"WebPage\",\"@id\":\"https:\\\/\\\/www.cahr-acrv.ca\\\/fr\\\/un-article\\\/la-dre-alexandra-king-et-la-dre-linda-chelico-copresideront-le-28e-congres-annuel-canadien-de-recherche-sur-le-vih-sida-acrv-2019\\\/\",\"url\":\"https:\\\/\\\/www.cahr-acrv.ca\\\/fr\\\/un-article\\\/la-dre-alexandra-king-et-la-dre-linda-chelico-copresideront-le-28e-congres-annuel-canadien-de-recherche-sur-le-vih-sida-acrv-2019\\\/\",\"name\":\"La Dre Alexandra King et la Dre Linda Chelico copr\u00e9sideront le 28e Congr\u00e8s annuel canadien de recherch\u00e9 sur le VIH\\\/sida (ACRV 2019) &#8211; ACRV\",\"isPartOf\":{\"@id\":\"https:\\\/\\\/www.cahr-acrv.ca\\\/#website\"},\"datePublished\":\"2018-07-03T14:31:25+00:00\",\"dateModified\":\"2018-07-03T14:31:59+00:00\",\"breadcrumb\":{\"@id\":\"https:\\\/\\\/www.cahr-acrv.ca\\\/fr\\\/un-article\\\/la-dre-alexandra-king-et-la-dre-linda-chelico-copresideront-le-28e-congres-annuel-canadien-de-recherche-sur-le-vih-sida-acrv-2019\\\/#breadcrumb\"},\"inLanguage\":\"fr-FR\",\"potentialAction\":[{\"@type\":\"ReadAction\",\"target\":[\"https:\\\/\\\/www.cahr-acrv.ca\\\/fr\\\/un-article\\\/la-dre-alexandra-king-et-la-dre-linda-chelico-copresideront-le-28e-congres-annuel-canadien-de-recherche-sur-le-vih-sida-acrv-2019\\\/\"]}]},{\"@type\":\"BreadcrumbList\",\"@id\":\"https:\\\/\\\/www.cahr-acrv.ca\\\/fr\\\/un-article\\\/la-dre-alexandra-king-et-la-dre-linda-chelico-copresideront-le-28e-congres-annuel-canadien-de-recherche-sur-le-vih-sida-acrv-2019\\\/#breadcrumb\",\"itemListElement\":[{\"@type\":\"ListItem\",\"position\":1,\"name\":\"Accueil\",\"item\":\"https:\\\/\\\/www.cahr-acrv.ca\\\/fr\\\/accueil\\\/\"},{\"@type\":\"ListItem\",\"position\":2,\"name\":\"La Dre Alexandra King et la Dre Linda Chelico copr\u00e9sideront le 28e Congr\u00e8s annuel canadien de recherch\u00e9 sur le VIH\\\/sida (ACRV 2019)\"}]},{\"@type\":\"WebSite\",\"@id\":\"https:\\\/\\\/www.cahr-acrv.ca\\\/#website\",\"url\":\"https:\\\/\\\/www.cahr-acrv.ca\\\/\",\"name\":\"ACRV\",\"description\":\"L'association canadienne de recherche sur le VIH\",\"publisher\":{\"@id\":\"https:\\\/\\\/www.cahr-acrv.ca\\\/#organization\"},\"potentialAction\":[{\"@type\":\"SearchAction\",\"target\":{\"@type\":\"EntryPoint\",\"urlTemplate\":\"https:\\\/\\\/www.cahr-acrv.ca\\\/?s={search_term_string}\"},\"query-input\":{\"@type\":\"PropertyValueSpecification\",\"valueRequired\":true,\"valueName\":\"search_term_string\"}}],\"inLanguage\":\"fr-FR\"},{\"@type\":\"Organization\",\"@id\":\"https:\\\/\\\/www.cahr-acrv.ca\\\/#organization\",\"name\":\"Canadian Association for HIV Research\",\"alternateName\":\"CAHR\",\"url\":\"https:\\\/\\\/www.cahr-acrv.ca\\\/\",\"logo\":{\"@type\":\"ImageObject\",\"inLanguage\":\"fr-FR\",\"@id\":\"https:\\\/\\\/www.cahr-acrv.ca\\\/#\\\/schema\\\/logo\\\/image\\\/\",\"url\":\"https:\\\/\\\/www.cahr-acrv.ca\\\/wp-content\\\/uploads\\\/2025\\\/06\\\/cahr-organization-logo.png\",\"contentUrl\":\"https:\\\/\\\/www.cahr-acrv.ca\\\/wp-content\\\/uploads\\\/2025\\\/06\\\/cahr-organization-logo.png\",\"width\":696,\"height\":696,\"caption\":\"Canadian Association for HIV Research\"},\"image\":{\"@id\":\"https:\\\/\\\/www.cahr-acrv.ca\\\/#\\\/schema\\\/logo\\\/image\\\/\"},\"sameAs\":[\"https:\\\/\\\/www.facebook.com\\\/CanadianAssociationforHIVResearch\",\"https:\\\/\\\/x.com\\\/CAHR_ACRV\",\"https:\\\/\\\/bsky.app\\\/profile\\\/cahr-acrv.bsky.social\",\"https:\\\/\\\/www.youtube.com\\\/user\\\/CAHRACRV\",\"https:\\\/\\\/www.instagram.com\\\/cahr_acrv\\\/\",\"https:\\\/\\\/www.linkedin.com\\\/company\\\/canadian-association-for-hiv-research\\\/\"]},{\"@type\":\"Person\",\"@id\":\"https:\\\/\\\/www.cahr-acrv.ca\\\/#\\\/schema\\\/person\\\/027e76acb03ba9e90c32bc1f76c38572\",\"name\":\"Jay\",\"image\":{\"@type\":\"ImageObject\",\"inLanguage\":\"fr-FR\",\"@id\":\"https:\\\/\\\/secure.gravatar.com\\\/avatar\\\/31e31149ef35ad5e6ce7f3e33c355bf3e20940029cb1d8df97c1180323cd6d6a?s=96&d=mm&r=g\",\"url\":\"https:\\\/\\\/secure.gravatar.com\\\/avatar\\\/31e31149ef35ad5e6ce7f3e33c355bf3e20940029cb1d8df97c1180323cd6d6a?s=96&d=mm&r=g\",\"contentUrl\":\"https:\\\/\\\/secure.gravatar.com\\\/avatar\\\/31e31149ef35ad5e6ce7f3e33c355bf3e20940029cb1d8df97c1180323cd6d6a?s=96&d=mm&r=g\",\"caption\":\"Jay\"}}]}<\/script>\n<!-- \/ Yoast SEO plugin. -->","yoast_head_json":{"title":"La Dre Alexandra King et la Dre Linda Chelico copr\u00e9sideront le 28e Congr\u00e8s annuel canadien de recherch\u00e9 sur le VIH\/sida (ACRV 2019) &#8211; ACRV","robots":{"index":"index","follow":"follow","max-snippet":"max-snippet:-1","max-image-preview":"max-image-preview:large","max-video-preview":"max-video-preview:-1"},"canonical":"https:\/\/www.cahr-acrv.ca\/fr\/un-article\/la-dre-alexandra-king-et-la-dre-linda-chelico-copresideront-le-28e-congres-annuel-canadien-de-recherche-sur-le-vih-sida-acrv-2019\/","og_locale":"fr_FR","og_type":"article","og_title":"La Dre Alexandra King et la Dre Linda Chelico copr\u00e9sideront le 28e Congr\u00e8s annuel canadien de recherch\u00e9 sur le VIH\/sida (ACRV 2019) &#8211; ACRV","og_description":"Le Conseil d\u2019administration de l\u2019Association canadienne de recherche sur le VIH (ACRV) a le plaisir d\u2019annoncer les copr\u00e9sidents du 28e Congr\u00e8s annuel canadien de recherche sur le VIH\/sida (ACRV 2019). Co-pr\u00e9sideront le Congr\u00e8s de 2019 la Dre Alexandra King, chaire Cameco en sant\u00e9 autochtone (Universit\u00e9 de la Saskatchewan) et la Dre Linda Chelico, professeure agr\u00e9g\u00e9e [&hellip;]","og_url":"https:\/\/www.cahr-acrv.ca\/fr\/un-article\/la-dre-alexandra-king-et-la-dre-linda-chelico-copresideront-le-28e-congres-annuel-canadien-de-recherche-sur-le-vih-sida-acrv-2019\/","og_site_name":"ACRV","article_publisher":"https:\/\/www.facebook.com\/CanadianAssociationforHIVResearch","article_published_time":"2018-07-03T14:31:25+00:00","article_modified_time":"2018-07-03T14:31:59+00:00","author":"Jay","twitter_card":"summary_large_image","twitter_creator":"@CAHR_ACRV","twitter_site":"@CAHR_ACRV","twitter_misc":{"\u00c9crit par":"Jay","Dur\u00e9e de lecture estim\u00e9e":"2 minutes"},"schema":{"@context":"https:\/\/schema.org","@graph":[{"@type":"Article","@id":"https:\/\/www.cahr-acrv.ca\/fr\/un-article\/la-dre-alexandra-king-et-la-dre-linda-chelico-copresideront-le-28e-congres-annuel-canadien-de-recherche-sur-le-vih-sida-acrv-2019\/#article","isPartOf":{"@id":"https:\/\/www.cahr-acrv.ca\/fr\/un-article\/la-dre-alexandra-king-et-la-dre-linda-chelico-copresideront-le-28e-congres-annuel-canadien-de-recherche-sur-le-vih-sida-acrv-2019\/"},"author":{"name":"Jay","@id":"https:\/\/www.cahr-acrv.ca\/#\/schema\/person\/027e76acb03ba9e90c32bc1f76c38572"},"headline":"La Dre Alexandra King et la Dre Linda Chelico copr\u00e9sideront le 28e Congr\u00e8s annuel canadien de recherch\u00e9 sur le VIH\/sida (ACRV 2019)","datePublished":"2018-07-03T14:31:25+00:00","dateModified":"2018-07-03T14:31:59+00:00","mainEntityOfPage":{"@id":"https:\/\/www.cahr-acrv.ca\/fr\/un-article\/la-dre-alexandra-king-et-la-dre-linda-chelico-copresideront-le-28e-congres-annuel-canadien-de-recherche-sur-le-vih-sida-acrv-2019\/"},"wordCount":474,"publisher":{"@id":"https:\/\/www.cahr-acrv.ca\/#organization"},"articleSection":["un Article"],"inLanguage":"fr-FR"},{"@type":"WebPage","@id":"https:\/\/www.cahr-acrv.ca\/fr\/un-article\/la-dre-alexandra-king-et-la-dre-linda-chelico-copresideront-le-28e-congres-annuel-canadien-de-recherche-sur-le-vih-sida-acrv-2019\/","url":"https:\/\/www.cahr-acrv.ca\/fr\/un-article\/la-dre-alexandra-king-et-la-dre-linda-chelico-copresideront-le-28e-congres-annuel-canadien-de-recherche-sur-le-vih-sida-acrv-2019\/","name":"La Dre Alexandra King et la Dre Linda Chelico copr\u00e9sideront le 28e Congr\u00e8s annuel canadien de recherch\u00e9 sur le VIH\/sida (ACRV 2019) &#8211; ACRV","isPartOf":{"@id":"https:\/\/www.cahr-acrv.ca\/#website"},"datePublished":"2018-07-03T14:31:25+00:00","dateModified":"2018-07-03T14:31:59+00:00","breadcrumb":{"@id":"https:\/\/www.cahr-acrv.ca\/fr\/un-article\/la-dre-alexandra-king-et-la-dre-linda-chelico-copresideront-le-28e-congres-annuel-canadien-de-recherche-sur-le-vih-sida-acrv-2019\/#breadcrumb"},"inLanguage":"fr-FR","potentialAction":[{"@type":"ReadAction","target":["https:\/\/www.cahr-acrv.ca\/fr\/un-article\/la-dre-alexandra-king-et-la-dre-linda-chelico-copresideront-le-28e-congres-annuel-canadien-de-recherche-sur-le-vih-sida-acrv-2019\/"]}]},{"@type":"BreadcrumbList","@id":"https:\/\/www.cahr-acrv.ca\/fr\/un-article\/la-dre-alexandra-king-et-la-dre-linda-chelico-copresideront-le-28e-congres-annuel-canadien-de-recherche-sur-le-vih-sida-acrv-2019\/#breadcrumb","itemListElement":[{"@type":"ListItem","position":1,"name":"Accueil","item":"https:\/\/www.cahr-acrv.ca\/fr\/accueil\/"},{"@type":"ListItem","position":2,"name":"La Dre Alexandra King et la Dre Linda Chelico copr\u00e9sideront le 28e Congr\u00e8s annuel canadien de recherch\u00e9 sur le VIH\/sida (ACRV 2019)"}]},{"@type":"WebSite","@id":"https:\/\/www.cahr-acrv.ca\/#website","url":"https:\/\/www.cahr-acrv.ca\/","name":"ACRV","description":"L'association canadienne de recherche sur le VIH","publisher":{"@id":"https:\/\/www.cahr-acrv.ca\/#organization"},"potentialAction":[{"@type":"SearchAction","target":{"@type":"EntryPoint","urlTemplate":"https:\/\/www.cahr-acrv.ca\/?s={search_term_string}"},"query-input":{"@type":"PropertyValueSpecification","valueRequired":true,"valueName":"search_term_string"}}],"inLanguage":"fr-FR"},{"@type":"Organization","@id":"https:\/\/www.cahr-acrv.ca\/#organization","name":"Canadian Association for HIV Research","alternateName":"CAHR","url":"https:\/\/www.cahr-acrv.ca\/","logo":{"@type":"ImageObject","inLanguage":"fr-FR","@id":"https:\/\/www.cahr-acrv.ca\/#\/schema\/logo\/image\/","url":"https:\/\/www.cahr-acrv.ca\/wp-content\/uploads\/2025\/06\/cahr-organization-logo.png","contentUrl":"https:\/\/www.cahr-acrv.ca\/wp-content\/uploads\/2025\/06\/cahr-organization-logo.png","width":696,"height":696,"caption":"Canadian Association for HIV Research"},"image":{"@id":"https:\/\/www.cahr-acrv.ca\/#\/schema\/logo\/image\/"},"sameAs":["https:\/\/www.facebook.com\/CanadianAssociationforHIVResearch","https:\/\/x.com\/CAHR_ACRV","https:\/\/bsky.app\/profile\/cahr-acrv.bsky.social","https:\/\/www.youtube.com\/user\/CAHRACRV","https:\/\/www.instagram.com\/cahr_acrv\/","https:\/\/www.linkedin.com\/company\/canadian-association-for-hiv-research\/"]},{"@type":"Person","@id":"https:\/\/www.cahr-acrv.ca\/#\/schema\/person\/027e76acb03ba9e90c32bc1f76c38572","name":"Jay","image":{"@type":"ImageObject","inLanguage":"fr-FR","@id":"https:\/\/secure.gravatar.com\/avatar\/31e31149ef35ad5e6ce7f3e33c355bf3e20940029cb1d8df97c1180323cd6d6a?s=96&d=mm&r=g","url":"https:\/\/secure.gravatar.com\/avatar\/31e31149ef35ad5e6ce7f3e33c355bf3e20940029cb1d8df97c1180323cd6d6a?s=96&d=mm&r=g","contentUrl":"https:\/\/secure.gravatar.com\/avatar\/31e31149ef35ad5e6ce7f3e33c355bf3e20940029cb1d8df97c1180323cd6d6a?s=96&d=mm&r=g","caption":"Jay"}}]}},"_links":{"self":[{"href":"https:\/\/www.cahr-acrv.ca\/fr\/wp-json\/wp\/v2\/posts\/9930","targetHints":{"allow":["GET"]}}],"collection":[{"href":"https:\/\/www.cahr-acrv.ca\/fr\/wp-json\/wp\/v2\/posts"}],"about":[{"href":"https:\/\/www.cahr-acrv.ca\/fr\/wp-json\/wp\/v2\/types\/post"}],"author":[{"embeddable":true,"href":"https:\/\/www.cahr-acrv.ca\/fr\/wp-json\/wp\/v2\/users\/9"}],"replies":[{"embeddable":true,"href":"https:\/\/www.cahr-acrv.ca\/fr\/wp-json\/wp\/v2\/comments?post=9930"}],"version-history":[{"count":0,"href":"https:\/\/www.cahr-acrv.ca\/fr\/wp-json\/wp\/v2\/posts\/9930\/revisions"}],"wp:attachment":[{"href":"https:\/\/www.cahr-acrv.ca\/fr\/wp-json\/wp\/v2\/media?parent=9930"}],"wp:term":[{"taxonomy":"category","embeddable":true,"href":"https:\/\/www.cahr-acrv.ca\/fr\/wp-json\/wp\/v2\/categories?post=9930"},{"taxonomy":"post_tag","embeddable":true,"href":"https:\/\/www.cahr-acrv.ca\/fr\/wp-json\/wp\/v2\/tags?post=9930"}],"curies":[{"name":"wp","href":"https:\/\/api.w.org\/{rel}","templated":true}]}}