{"id":9781,"date":"2018-04-05T11:36:20","date_gmt":"2018-04-05T15:36:20","guid":{"rendered":"https:\/\/cahr.wpengine.com\/?p=9781"},"modified":"2018-04-05T11:52:14","modified_gmt":"2018-04-05T15:52:14","slug":"communique-de-presse-acrv-2018","status":"publish","type":"post","link":"https:\/\/www.cahr-acrv.ca\/fr\/un-article\/communique-de-presse-acrv-2018\/","title":{"rendered":"C\u00e9l\u00e9brons notre diversit\u00e9 : Unis en r\u00e9ponse au VIH :  Scientifiques de renom, meneurs de la collectivit\u00e9 et d\u00e9cideurs se r\u00e9unissent \u00e0 Vancouver pour d\u00e9battre des derni\u00e8res constatations de la recherche sur le VIH"},"content":{"rendered":"<p>&nbsp;<\/p>\n<p><strong>Diffusion imm\u00e9diate<\/strong><\/p>\n<p><strong>Vancouver (le 5 avril 2018) &#8212; <\/strong>Les organisateurs du 27<sup>e<\/sup>\u00a0Congr\u00e8s annuel canadien de recherche sur le VIH\/sida, qui se tiendra \u00e0 Vancouver du 26 au 29\u00a0avril, ont d\u00e9voil\u00e9 aujourd\u2019hui le programme officiel du congr\u00e8s. Ce congr\u00e8s, sous l\u2019\u00e9gide de l\u2019Association canadienne de recherche sur le VIH (ACRV), r\u00e9unira plus de 900\u00a0scientifiques, m\u00e9decins et meneurs communautaires de haut niveau du Canada et offrira notamment quatre grands expos\u00e9s pl\u00e9niers ax\u00e9s sur les enjeux n\u00e9vralgiques li\u00e9s \u00e0 la r\u00e9ponse mondiale au VIH\/sida. Les copr\u00e9sidentes du congr\u00e8s, les Dres H\u00e9l\u00e8ne C\u00f4t\u00e9 (Universit\u00e9 de Colombie-Britannique) et M\u00e9lanie Murray (Universit\u00e9 de la Colombie-Britannique) ont choisi pour le congr\u00e8s de cette ann\u00e9e le th\u00e8me <em>\u00ab\u00a0C\u00e9l\u00e9brons notre diversit\u00e9\u00a0: Unis en r\u00e9ponse au VIH\u00a0\u00bb<\/em><\/p>\n<p>\u00ab\u00a0\u00c0 l\u2019ACRV 2018, nous nous efforcerons de souligner et de mettre en valeur la diversit\u00e9, tant chez les personnes qui ont une exp\u00e9rience v\u00e9cue du VIH que chez les chercheurs du domaine du VIH,\u00a0\u00bb de dire la Dre\u00a0Murray. \u00ab\u00a0En unissant les groupes de chercheurs de multiples parcours \u2013 ainsi que les professionnels des soins de sant\u00e9, les travailleurs communautaires, les chercheurs universitaires, les stagiaires, enseignants, activistes, b\u00e9n\u00e9voles et personnes qui ont une exp\u00e9rience v\u00e9cue du VIH et responsables de l\u2019\u00e9laboration des politiques \u2013 nous pouvons am\u00e9liorer la vie des personnes vivant avec le VIH et emp\u00eacher de nouvelles infections.\u00a0\u00bb<\/p>\n<p>Au programme de cette ann\u00e9e figurent les nouvelles connaissances scientifiques sur les grands enjeux li\u00e9s \u00e0 la r\u00e9ponse globale au VIH. Voici les principales s\u00e9ances pl\u00e9ni\u00e8res\u00a0:<\/p>\n<ul>\n<li><em>\u00ab\u00a0Cancers associ\u00e9s au VPH chez les hommes et les femmes infect\u00e9s par le VIH\u00a0: La promesse et les d\u00e9fis que r\u00e9serve l\u2019avenir\u00a0\u00bb <\/em>(Dr Joel Palefsky, Universit\u00e9 de Californie, facult\u00e9 de m\u00e9decine de San Francisco)<\/li>\n<li><em>\u00ab\u00a0O\u00f9 en sommes-nous? Travailler ensemble contre les in\u00e9quit\u00e9s structurelles et les pr\u00e9judices caus\u00e9s par le VIH et les surdoses\u00a0\u00bb<\/em> (Dr Bernadette Pauly, Canadian Institute of Substance Use Research, boursi\u00e8re en engagement communautaire du vice-recteur \u00e0 l\u2019enseignement et \u00e0 la recherche de l\u2019Universit\u00e9 de Victoria)<\/li>\n<li><em>\u00ab\u00a0Mettre \u00e0 contribution le syst\u00e8me immunitaire pour \u00e9liminer ou ma\u00eetriser le VIH\u00a0\u00bb<\/em> (Dr\u00a0Steven Deeks, professeur de m\u00e9decine en r\u00e9sidence, Universit\u00e9 de Californie)<\/li>\n<li><em>\u00ab\u00a0Mettre fin \u00e0 l\u2019\u00e9pid\u00e9mie de VIH au Canada d\u2019ici 2025 \u2013 ATTEINDRE Z\u00c9RO \u2013 Est-ce possible?\u00a0\u00bb <\/em>(Dr Sean Rourke, Centre for Urban Health Solutions de l\u2019h\u00f4pital St. Michael et professeur de psychiatrie \u00e0 l\u2019Universit\u00e9 de Toronto)<\/li>\n<\/ul>\n<p>\u00ab\u00a0Les Canadiens continuent \u00e0 apporter des contributions essentielles \u00e0 la recherche sur le VIH\/sida\u00a0\u00bb, de dire la Dre\u00a0C\u00f4t\u00e9. \u00ab\u00a0Il suffit, pour s\u2019en rendre compte, de voir quel est le nombre d\u2019abr\u00e9g\u00e9s (pr\u00e8s de 500) qui seront pr\u00e9sent\u00e9s lors de l\u2019ACRV 2018. De plus, le congr\u00e8s offre une plateforme pour mettre en \u00e9vidence les recherches de pointe entreprises partout au pays et ici-m\u00eame \u00e0 Vancouver.\u00a0\u00bb<\/p>\n<p>Lors de l\u2019inauguration du congr\u00e8s, on rendra un hommage tr\u00e8s sp\u00e9cial \u00e0 la vie et \u00e0 l\u2019\u0153uvre du <strong>Dr\u00a0Mark Wainberg<\/strong> (1945- 2017), et on proc\u00e9dera \u00e0 la remise de prix importants en recherche sur le VIH\u00a0:<\/p>\n<ul>\n<li>L\u2019Association canadienne de recherche sur le VIH (ACRV) et la Fondation canadienne de recherche sur le SIDA (CANFAR) rendront hommage aux laur\u00e9ats 2018 des <strong>Prix d\u2019excellence en recherche ACRV-CANFAR<\/strong>. Ces prix sont remis annuellement \u00e0 des chercheurs en milieu de carri\u00e8re qui, m\u00eame au d\u00e9but de leur cheminement, avaient d\u00e9j\u00e0 un dossier de r\u00e9alisations marqu\u00e9 par l\u2019excellence et avaient manifest\u00e9 leur engagement \u00e0 am\u00e9liorer la vie de ceux et celles qui vivent avec le VIH ou qui sont \u00e0 risque de contracter la maladie. Voici les laur\u00e9ats 2018 des Prix d\u2019excellence en recherche ACRV-CANFAR\u00a0:<\/li>\n<\/ul>\n<p style=\"padding-left: 60px;\">o\u00a0\u00a0 Sciences fondamentales\u00a0: Dr Adam Burgener, Universit\u00e9 du Manitoba<\/p>\n<p style=\"padding-left: 60px;\">o\u00a0\u00a0 Sciences cliniques\u00a0: Dr Darrell Tan, Universit\u00e9 de Toronto<\/p>\n<p style=\"padding-left: 60px;\">o\u00a0\u00a0 \u00c9pid\u00e9miologie et sant\u00e9 publique\u00a0: Dr Ann Burchell, Li Ka Shing Knowledge Institute, h\u00f4pital St. Michael<\/p>\n<p style=\"padding-left: 60px;\">o\u00a0\u00a0 Sciences sociales\u00a0: Dr David Brennan, Universit\u00e9 de Toronto<\/p>\n<p style=\"padding-left: 60px;\">o\u00a0\u00a0 Recherche communautaire\u00a0: Dr Winston Husbands, R\u00e9seau ontarien de traitement du VIH<\/p>\n<p>&nbsp;<\/p>\n<ul>\n<li>Le <strong>Prix Ruban rouge<\/strong> 2018 (pr\u00e9sent\u00e9 annuellement par l\u2019ACRV pour souligner la contribution exceptionnelle d\u2019une personne \u00e0 la cause de la recherche sur le VIH\/sida) sera pr\u00e9sent\u00e9 \u00e0 Val\u00e9rie Nicholson, Ancienne et pr\u00e9sidente du conseil d\u2019administration du R\u00e9seau canadien autochtone du sida (RCAS).<\/li>\n<\/ul>\n<p>Le congr\u00e8s comporte aussi un certain nombre de s\u00e9ances sp\u00e9ciales, notamment un aper\u00e7u des derni\u00e8res perc\u00e9es dans la recherche d\u2019un vaccin contre le VIH; un examen du microbiome et du VIH; les derni\u00e8res nouvelles sur la coinfection VIH\/VHC; un examen en profondeur des soins contre le VIH ax\u00e9s sur les femmes au Canada; un compte rendu sur l\u2019\u00e9tat de la pratique communautaire efficace et le point sur les approches de recherche sur le VIH ax\u00e9es sur les Autochtones.<\/p>\n<p style=\"text-align: center;\">&#8212; 30 &#8212;<\/p>\n<p>On estime que 34\u00a0millions de personnes vivent avec le VIH. Au Canada, le VIH demeure un enjeu urgent et, chaque ann\u00e9e, le pays conna\u00eet de 2\u00a0300 \u00e0 4\u00a0300\u00a0nouvelles infections et certaines populations sont surrepr\u00e9sent\u00e9es dans l\u2019\u00e9pid\u00e9mie. Plus de 70\u00a0000\u00a0Canadiens vivent actuellement avec le VIH et de nombreuses autres personnes sont \u00e0 risque de contracter l\u2019infection.<\/p>\n<p>Le congr\u00e8s aura lieu \u00e0 l\u2019h\u00f4tel <a href=\"https:\/\/www.cahr-acrv.ca\/fr\/congres\/endroit-et-deplacements\/\" target=\"_blank\" rel=\"noopener\">Westin Bayshore<\/a> de Vancouver, Colombie-Britannique.<\/p>\n<p><strong>\u00c0 propos de l\u2019ACRV<\/strong><\/p>\n<p>L\u2019Association de recherche sur le VIH (ACRV) est l\u2019organisme professionnel du domaine de la recherche sur le VIH men\u00e9e au Canada par des Canadiens. L\u2019ACRV regroupe des chercheurs de toutes les disciplines scientifiques sur le VIH\/sida et leur but est d\u2019am\u00e9liorer la pr\u00e9vention et le traitement avec l\u2019objectif ultime d\u2019\u00e9radiquer la maladie et de trouver un rem\u00e8de. Le Congr\u00e8s annuel de l\u2019ACRV est la rencontre canadienne par excellence des personnes qui travaillent dans le domaine du VIH, de m\u00eame que des responsables de l\u2019\u00e9laboration des politiques, des personnes vivant avec le VIH et autres personnes r\u00e9solues \u00e0 mettre fin \u00e0 la pand\u00e9mie.<\/p>\n<p><a href=\"https:\/\/www.cahr-acrv.ca\/fr\/\">https:\/\/www.cahr-acrv.ca\/fr\/<\/a><\/p>\n<p>Voir le site Web du congr\u00e8s \u00e0\u00a0: <a href=\"https:\/\/www.cahr-acrv.ca\/fr\/conference\/\">https:\/\/www.cahr-acrv.ca\/fr\/conference\/<\/a><\/p>\n<p>D\u00e9tails sur les conf\u00e9renciers du congr\u00e8s\u00a0: <a href=\"https:\/\/www.cahr-acrv.ca\/fr\/congres\/programme\/\">https:\/\/www.cahr-acrv.ca\/fr\/congres\/programme\/<\/a><\/p>\n<p>Accr\u00e9ditation des m\u00e9dias\u00a0: <a href=\"https:\/\/www.cahr-acrv.ca\/fr\/conference\/inscription\/#med-acc\">https:\/\/www.cahr-acrv.ca\/fr\/conference\/inscription\/#med-acc<\/a><\/p>\n<p>Personne-ressource\u00a0: Erin Love, courriel\u00a0: <a href=\"mailto:erin.love@cahr-acrv.ca\">erin.love@cahr-acrv.ca<\/a> \u00a0\u00a0t\u00e9l\u00e9phone\u00a0: 613-864-5154<\/p>\n<p>&nbsp;<\/p>\n","protected":false},"excerpt":{"rendered":"<p>&nbsp; Diffusion imm\u00e9diate Vancouver (le 5 avril 2018) &#8212; Les organisateurs du 27e\u00a0Congr\u00e8s annuel canadien de recherche sur le VIH\/sida, qui se tiendra \u00e0 Vancouver du 26 au 29\u00a0avril, ont d\u00e9voil\u00e9 aujourd\u2019hui le programme officiel du congr\u00e8s. Ce congr\u00e8s, sous l\u2019\u00e9gide de l\u2019Association canadienne de recherche sur le VIH (ACRV), r\u00e9unira plus de 900\u00a0scientifiques, m\u00e9decins [&hellip;]<\/p>\n","protected":false},"author":9,"featured_media":0,"comment_status":"closed","ping_status":"closed","sticky":false,"template":"","format":"standard","meta":{"_acf_changed":false,"inline_featured_image":false,"footnotes":""},"categories":[4],"tags":[],"class_list":["post-9781","post","type-post","status-publish","format-standard","hentry","category-un-article"],"acf":[],"yoast_head":"<!-- This site is optimized with the Yoast SEO plugin v27.4 - https:\/\/yoast.com\/product\/yoast-seo-wordpress\/ -->\n<title>C\u00e9l\u00e9brons notre diversit\u00e9 : Unis en r\u00e9ponse au VIH : Scientifiques de renom, meneurs de la collectivit\u00e9 et d\u00e9cideurs se r\u00e9unissent \u00e0 Vancouver pour d\u00e9battre des derni\u00e8res constatations de la recherche sur le VIH &#8211; ACRV<\/title>\n<meta name=\"robots\" content=\"index, follow, max-snippet:-1, max-image-preview:large, max-video-preview:-1\" \/>\n<link rel=\"canonical\" href=\"https:\/\/www.cahr-acrv.ca\/fr\/un-article\/communique-de-presse-acrv-2018\/\" \/>\n<meta property=\"og:locale\" content=\"fr_FR\" \/>\n<meta property=\"og:type\" content=\"article\" \/>\n<meta property=\"og:title\" content=\"C\u00e9l\u00e9brons notre diversit\u00e9 : Unis en r\u00e9ponse au VIH : Scientifiques de renom, meneurs de la collectivit\u00e9 et d\u00e9cideurs se r\u00e9unissent \u00e0 Vancouver pour d\u00e9battre des derni\u00e8res constatations de la recherche sur le VIH &#8211; ACRV\" \/>\n<meta property=\"og:description\" content=\"&nbsp; Diffusion imm\u00e9diate Vancouver (le 5 avril 2018) &#8212; Les organisateurs du 27e\u00a0Congr\u00e8s annuel canadien de recherche sur le VIH\/sida, qui se tiendra \u00e0 Vancouver du 26 au 29\u00a0avril, ont d\u00e9voil\u00e9 aujourd\u2019hui le programme officiel du congr\u00e8s. Ce congr\u00e8s, sous l\u2019\u00e9gide de l\u2019Association canadienne de recherche sur le VIH (ACRV), r\u00e9unira plus de 900\u00a0scientifiques, m\u00e9decins [&hellip;]\" \/>\n<meta property=\"og:url\" content=\"https:\/\/www.cahr-acrv.ca\/fr\/un-article\/communique-de-presse-acrv-2018\/\" \/>\n<meta property=\"og:site_name\" content=\"ACRV\" \/>\n<meta property=\"article:publisher\" content=\"https:\/\/www.facebook.com\/CanadianAssociationforHIVResearch\" \/>\n<meta property=\"article:published_time\" content=\"2018-04-05T15:36:20+00:00\" \/>\n<meta property=\"article:modified_time\" content=\"2018-04-05T15:52:14+00:00\" \/>\n<meta name=\"author\" content=\"Jay\" \/>\n<meta name=\"twitter:card\" content=\"summary_large_image\" \/>\n<meta name=\"twitter:creator\" content=\"@CAHR_ACRV\" \/>\n<meta name=\"twitter:site\" content=\"@CAHR_ACRV\" \/>\n<meta name=\"twitter:label1\" content=\"\u00c9crit par\" \/>\n\t<meta name=\"twitter:data1\" content=\"Jay\" \/>\n\t<meta name=\"twitter:label2\" content=\"Dur\u00e9e de lecture estim\u00e9e\" \/>\n\t<meta name=\"twitter:data2\" content=\"6 minutes\" \/>\n<script type=\"application\/ld+json\" class=\"yoast-schema-graph\">{\"@context\":\"https:\\\/\\\/schema.org\",\"@graph\":[{\"@type\":\"Article\",\"@id\":\"https:\\\/\\\/www.cahr-acrv.ca\\\/fr\\\/un-article\\\/communique-de-presse-acrv-2018\\\/#article\",\"isPartOf\":{\"@id\":\"https:\\\/\\\/www.cahr-acrv.ca\\\/fr\\\/un-article\\\/communique-de-presse-acrv-2018\\\/\"},\"author\":{\"name\":\"Jay\",\"@id\":\"https:\\\/\\\/www.cahr-acrv.ca\\\/#\\\/schema\\\/person\\\/027e76acb03ba9e90c32bc1f76c38572\"},\"headline\":\"C\u00e9l\u00e9brons notre diversit\u00e9 : Unis en r\u00e9ponse au VIH : Scientifiques de renom, meneurs de la collectivit\u00e9 et d\u00e9cideurs se r\u00e9unissent \u00e0 Vancouver pour d\u00e9battre des derni\u00e8res constatations de la recherche sur le VIH\",\"datePublished\":\"2018-04-05T15:36:20+00:00\",\"dateModified\":\"2018-04-05T15:52:14+00:00\",\"mainEntityOfPage\":{\"@id\":\"https:\\\/\\\/www.cahr-acrv.ca\\\/fr\\\/un-article\\\/communique-de-presse-acrv-2018\\\/\"},\"wordCount\":1138,\"publisher\":{\"@id\":\"https:\\\/\\\/www.cahr-acrv.ca\\\/#organization\"},\"articleSection\":[\"un Article\"],\"inLanguage\":\"fr-FR\"},{\"@type\":\"WebPage\",\"@id\":\"https:\\\/\\\/www.cahr-acrv.ca\\\/fr\\\/un-article\\\/communique-de-presse-acrv-2018\\\/\",\"url\":\"https:\\\/\\\/www.cahr-acrv.ca\\\/fr\\\/un-article\\\/communique-de-presse-acrv-2018\\\/\",\"name\":\"C\u00e9l\u00e9brons notre diversit\u00e9 : Unis en r\u00e9ponse au VIH : Scientifiques de renom, meneurs de la collectivit\u00e9 et d\u00e9cideurs se r\u00e9unissent \u00e0 Vancouver pour d\u00e9battre des derni\u00e8res constatations de la recherche sur le VIH &#8211; ACRV\",\"isPartOf\":{\"@id\":\"https:\\\/\\\/www.cahr-acrv.ca\\\/#website\"},\"datePublished\":\"2018-04-05T15:36:20+00:00\",\"dateModified\":\"2018-04-05T15:52:14+00:00\",\"breadcrumb\":{\"@id\":\"https:\\\/\\\/www.cahr-acrv.ca\\\/fr\\\/un-article\\\/communique-de-presse-acrv-2018\\\/#breadcrumb\"},\"inLanguage\":\"fr-FR\",\"potentialAction\":[{\"@type\":\"ReadAction\",\"target\":[\"https:\\\/\\\/www.cahr-acrv.ca\\\/fr\\\/un-article\\\/communique-de-presse-acrv-2018\\\/\"]}]},{\"@type\":\"BreadcrumbList\",\"@id\":\"https:\\\/\\\/www.cahr-acrv.ca\\\/fr\\\/un-article\\\/communique-de-presse-acrv-2018\\\/#breadcrumb\",\"itemListElement\":[{\"@type\":\"ListItem\",\"position\":1,\"name\":\"Accueil\",\"item\":\"https:\\\/\\\/www.cahr-acrv.ca\\\/fr\\\/accueil\\\/\"},{\"@type\":\"ListItem\",\"position\":2,\"name\":\"C\u00e9l\u00e9brons notre diversit\u00e9 : Unis en r\u00e9ponse au VIH : Scientifiques de renom, meneurs de la collectivit\u00e9 et d\u00e9cideurs se r\u00e9unissent \u00e0 Vancouver pour d\u00e9battre des derni\u00e8res constatations de la recherche sur le VIH\"}]},{\"@type\":\"WebSite\",\"@id\":\"https:\\\/\\\/www.cahr-acrv.ca\\\/#website\",\"url\":\"https:\\\/\\\/www.cahr-acrv.ca\\\/\",\"name\":\"ACRV\",\"description\":\"L'association canadienne de recherche sur le VIH\",\"publisher\":{\"@id\":\"https:\\\/\\\/www.cahr-acrv.ca\\\/#organization\"},\"potentialAction\":[{\"@type\":\"SearchAction\",\"target\":{\"@type\":\"EntryPoint\",\"urlTemplate\":\"https:\\\/\\\/www.cahr-acrv.ca\\\/?s={search_term_string}\"},\"query-input\":{\"@type\":\"PropertyValueSpecification\",\"valueRequired\":true,\"valueName\":\"search_term_string\"}}],\"inLanguage\":\"fr-FR\"},{\"@type\":\"Organization\",\"@id\":\"https:\\\/\\\/www.cahr-acrv.ca\\\/#organization\",\"name\":\"Canadian Association for HIV Research\",\"alternateName\":\"CAHR\",\"url\":\"https:\\\/\\\/www.cahr-acrv.ca\\\/\",\"logo\":{\"@type\":\"ImageObject\",\"inLanguage\":\"fr-FR\",\"@id\":\"https:\\\/\\\/www.cahr-acrv.ca\\\/#\\\/schema\\\/logo\\\/image\\\/\",\"url\":\"https:\\\/\\\/www.cahr-acrv.ca\\\/wp-content\\\/uploads\\\/2025\\\/06\\\/cahr-organization-logo.png\",\"contentUrl\":\"https:\\\/\\\/www.cahr-acrv.ca\\\/wp-content\\\/uploads\\\/2025\\\/06\\\/cahr-organization-logo.png\",\"width\":696,\"height\":696,\"caption\":\"Canadian Association for HIV Research\"},\"image\":{\"@id\":\"https:\\\/\\\/www.cahr-acrv.ca\\\/#\\\/schema\\\/logo\\\/image\\\/\"},\"sameAs\":[\"https:\\\/\\\/www.facebook.com\\\/CanadianAssociationforHIVResearch\",\"https:\\\/\\\/x.com\\\/CAHR_ACRV\",\"https:\\\/\\\/bsky.app\\\/profile\\\/cahr-acrv.bsky.social\",\"https:\\\/\\\/www.youtube.com\\\/user\\\/CAHRACRV\",\"https:\\\/\\\/www.instagram.com\\\/cahr_acrv\\\/\",\"https:\\\/\\\/www.linkedin.com\\\/company\\\/canadian-association-for-hiv-research\\\/\"]},{\"@type\":\"Person\",\"@id\":\"https:\\\/\\\/www.cahr-acrv.ca\\\/#\\\/schema\\\/person\\\/027e76acb03ba9e90c32bc1f76c38572\",\"name\":\"Jay\",\"image\":{\"@type\":\"ImageObject\",\"inLanguage\":\"fr-FR\",\"@id\":\"https:\\\/\\\/secure.gravatar.com\\\/avatar\\\/31e31149ef35ad5e6ce7f3e33c355bf3e20940029cb1d8df97c1180323cd6d6a?s=96&d=mm&r=g\",\"url\":\"https:\\\/\\\/secure.gravatar.com\\\/avatar\\\/31e31149ef35ad5e6ce7f3e33c355bf3e20940029cb1d8df97c1180323cd6d6a?s=96&d=mm&r=g\",\"contentUrl\":\"https:\\\/\\\/secure.gravatar.com\\\/avatar\\\/31e31149ef35ad5e6ce7f3e33c355bf3e20940029cb1d8df97c1180323cd6d6a?s=96&d=mm&r=g\",\"caption\":\"Jay\"}}]}<\/script>\n<!-- \/ Yoast SEO plugin. -->","yoast_head_json":{"title":"C\u00e9l\u00e9brons notre diversit\u00e9 : Unis en r\u00e9ponse au VIH : Scientifiques de renom, meneurs de la collectivit\u00e9 et d\u00e9cideurs se r\u00e9unissent \u00e0 Vancouver pour d\u00e9battre des derni\u00e8res constatations de la recherche sur le VIH &#8211; ACRV","robots":{"index":"index","follow":"follow","max-snippet":"max-snippet:-1","max-image-preview":"max-image-preview:large","max-video-preview":"max-video-preview:-1"},"canonical":"https:\/\/www.cahr-acrv.ca\/fr\/un-article\/communique-de-presse-acrv-2018\/","og_locale":"fr_FR","og_type":"article","og_title":"C\u00e9l\u00e9brons notre diversit\u00e9 : Unis en r\u00e9ponse au VIH : Scientifiques de renom, meneurs de la collectivit\u00e9 et d\u00e9cideurs se r\u00e9unissent \u00e0 Vancouver pour d\u00e9battre des derni\u00e8res constatations de la recherche sur le VIH &#8211; ACRV","og_description":"&nbsp; Diffusion imm\u00e9diate Vancouver (le 5 avril 2018) &#8212; Les organisateurs du 27e\u00a0Congr\u00e8s annuel canadien de recherche sur le VIH\/sida, qui se tiendra \u00e0 Vancouver du 26 au 29\u00a0avril, ont d\u00e9voil\u00e9 aujourd\u2019hui le programme officiel du congr\u00e8s. Ce congr\u00e8s, sous l\u2019\u00e9gide de l\u2019Association canadienne de recherche sur le VIH (ACRV), r\u00e9unira plus de 900\u00a0scientifiques, m\u00e9decins [&hellip;]","og_url":"https:\/\/www.cahr-acrv.ca\/fr\/un-article\/communique-de-presse-acrv-2018\/","og_site_name":"ACRV","article_publisher":"https:\/\/www.facebook.com\/CanadianAssociationforHIVResearch","article_published_time":"2018-04-05T15:36:20+00:00","article_modified_time":"2018-04-05T15:52:14+00:00","author":"Jay","twitter_card":"summary_large_image","twitter_creator":"@CAHR_ACRV","twitter_site":"@CAHR_ACRV","twitter_misc":{"\u00c9crit par":"Jay","Dur\u00e9e de lecture estim\u00e9e":"6 minutes"},"schema":{"@context":"https:\/\/schema.org","@graph":[{"@type":"Article","@id":"https:\/\/www.cahr-acrv.ca\/fr\/un-article\/communique-de-presse-acrv-2018\/#article","isPartOf":{"@id":"https:\/\/www.cahr-acrv.ca\/fr\/un-article\/communique-de-presse-acrv-2018\/"},"author":{"name":"Jay","@id":"https:\/\/www.cahr-acrv.ca\/#\/schema\/person\/027e76acb03ba9e90c32bc1f76c38572"},"headline":"C\u00e9l\u00e9brons notre diversit\u00e9 : Unis en r\u00e9ponse au VIH : Scientifiques de renom, meneurs de la collectivit\u00e9 et d\u00e9cideurs se r\u00e9unissent \u00e0 Vancouver pour d\u00e9battre des derni\u00e8res constatations de la recherche sur le VIH","datePublished":"2018-04-05T15:36:20+00:00","dateModified":"2018-04-05T15:52:14+00:00","mainEntityOfPage":{"@id":"https:\/\/www.cahr-acrv.ca\/fr\/un-article\/communique-de-presse-acrv-2018\/"},"wordCount":1138,"publisher":{"@id":"https:\/\/www.cahr-acrv.ca\/#organization"},"articleSection":["un Article"],"inLanguage":"fr-FR"},{"@type":"WebPage","@id":"https:\/\/www.cahr-acrv.ca\/fr\/un-article\/communique-de-presse-acrv-2018\/","url":"https:\/\/www.cahr-acrv.ca\/fr\/un-article\/communique-de-presse-acrv-2018\/","name":"C\u00e9l\u00e9brons notre diversit\u00e9 : Unis en r\u00e9ponse au VIH : Scientifiques de renom, meneurs de la collectivit\u00e9 et d\u00e9cideurs se r\u00e9unissent \u00e0 Vancouver pour d\u00e9battre des derni\u00e8res constatations de la recherche sur le VIH &#8211; ACRV","isPartOf":{"@id":"https:\/\/www.cahr-acrv.ca\/#website"},"datePublished":"2018-04-05T15:36:20+00:00","dateModified":"2018-04-05T15:52:14+00:00","breadcrumb":{"@id":"https:\/\/www.cahr-acrv.ca\/fr\/un-article\/communique-de-presse-acrv-2018\/#breadcrumb"},"inLanguage":"fr-FR","potentialAction":[{"@type":"ReadAction","target":["https:\/\/www.cahr-acrv.ca\/fr\/un-article\/communique-de-presse-acrv-2018\/"]}]},{"@type":"BreadcrumbList","@id":"https:\/\/www.cahr-acrv.ca\/fr\/un-article\/communique-de-presse-acrv-2018\/#breadcrumb","itemListElement":[{"@type":"ListItem","position":1,"name":"Accueil","item":"https:\/\/www.cahr-acrv.ca\/fr\/accueil\/"},{"@type":"ListItem","position":2,"name":"C\u00e9l\u00e9brons notre diversit\u00e9 : Unis en r\u00e9ponse au VIH : Scientifiques de renom, meneurs de la collectivit\u00e9 et d\u00e9cideurs se r\u00e9unissent \u00e0 Vancouver pour d\u00e9battre des derni\u00e8res constatations de la recherche sur le VIH"}]},{"@type":"WebSite","@id":"https:\/\/www.cahr-acrv.ca\/#website","url":"https:\/\/www.cahr-acrv.ca\/","name":"ACRV","description":"L'association canadienne de recherche sur le VIH","publisher":{"@id":"https:\/\/www.cahr-acrv.ca\/#organization"},"potentialAction":[{"@type":"SearchAction","target":{"@type":"EntryPoint","urlTemplate":"https:\/\/www.cahr-acrv.ca\/?s={search_term_string}"},"query-input":{"@type":"PropertyValueSpecification","valueRequired":true,"valueName":"search_term_string"}}],"inLanguage":"fr-FR"},{"@type":"Organization","@id":"https:\/\/www.cahr-acrv.ca\/#organization","name":"Canadian Association for HIV Research","alternateName":"CAHR","url":"https:\/\/www.cahr-acrv.ca\/","logo":{"@type":"ImageObject","inLanguage":"fr-FR","@id":"https:\/\/www.cahr-acrv.ca\/#\/schema\/logo\/image\/","url":"https:\/\/www.cahr-acrv.ca\/wp-content\/uploads\/2025\/06\/cahr-organization-logo.png","contentUrl":"https:\/\/www.cahr-acrv.ca\/wp-content\/uploads\/2025\/06\/cahr-organization-logo.png","width":696,"height":696,"caption":"Canadian Association for HIV Research"},"image":{"@id":"https:\/\/www.cahr-acrv.ca\/#\/schema\/logo\/image\/"},"sameAs":["https:\/\/www.facebook.com\/CanadianAssociationforHIVResearch","https:\/\/x.com\/CAHR_ACRV","https:\/\/bsky.app\/profile\/cahr-acrv.bsky.social","https:\/\/www.youtube.com\/user\/CAHRACRV","https:\/\/www.instagram.com\/cahr_acrv\/","https:\/\/www.linkedin.com\/company\/canadian-association-for-hiv-research\/"]},{"@type":"Person","@id":"https:\/\/www.cahr-acrv.ca\/#\/schema\/person\/027e76acb03ba9e90c32bc1f76c38572","name":"Jay","image":{"@type":"ImageObject","inLanguage":"fr-FR","@id":"https:\/\/secure.gravatar.com\/avatar\/31e31149ef35ad5e6ce7f3e33c355bf3e20940029cb1d8df97c1180323cd6d6a?s=96&d=mm&r=g","url":"https:\/\/secure.gravatar.com\/avatar\/31e31149ef35ad5e6ce7f3e33c355bf3e20940029cb1d8df97c1180323cd6d6a?s=96&d=mm&r=g","contentUrl":"https:\/\/secure.gravatar.com\/avatar\/31e31149ef35ad5e6ce7f3e33c355bf3e20940029cb1d8df97c1180323cd6d6a?s=96&d=mm&r=g","caption":"Jay"}}]}},"_links":{"self":[{"href":"https:\/\/www.cahr-acrv.ca\/fr\/wp-json\/wp\/v2\/posts\/9781","targetHints":{"allow":["GET"]}}],"collection":[{"href":"https:\/\/www.cahr-acrv.ca\/fr\/wp-json\/wp\/v2\/posts"}],"about":[{"href":"https:\/\/www.cahr-acrv.ca\/fr\/wp-json\/wp\/v2\/types\/post"}],"author":[{"embeddable":true,"href":"https:\/\/www.cahr-acrv.ca\/fr\/wp-json\/wp\/v2\/users\/9"}],"replies":[{"embeddable":true,"href":"https:\/\/www.cahr-acrv.ca\/fr\/wp-json\/wp\/v2\/comments?post=9781"}],"version-history":[{"count":0,"href":"https:\/\/www.cahr-acrv.ca\/fr\/wp-json\/wp\/v2\/posts\/9781\/revisions"}],"wp:attachment":[{"href":"https:\/\/www.cahr-acrv.ca\/fr\/wp-json\/wp\/v2\/media?parent=9781"}],"wp:term":[{"taxonomy":"category","embeddable":true,"href":"https:\/\/www.cahr-acrv.ca\/fr\/wp-json\/wp\/v2\/categories?post=9781"},{"taxonomy":"post_tag","embeddable":true,"href":"https:\/\/www.cahr-acrv.ca\/fr\/wp-json\/wp\/v2\/tags?post=9781"}],"curies":[{"name":"wp","href":"https:\/\/api.w.org\/{rel}","templated":true}]}}