{"id":7742,"date":"2017-05-12T11:20:27","date_gmt":"2017-05-12T15:20:27","guid":{"rendered":"https:\/\/cahr.wpengine.com\/?p=7742\/"},"modified":"2017-05-12T11:20:27","modified_gmt":"2017-05-12T15:20:27","slug":"des-chercheurs-du-domaine-du-vih-dans-un-essai-du-vaccin-anti-ebola","status":"publish","type":"post","link":"https:\/\/www.cahr-acrv.ca\/fr\/un-article\/des-chercheurs-du-domaine-du-vih-dans-un-essai-du-vaccin-anti-ebola\/","title":{"rendered":"Des chercheurs du domaine du VIH dans un essai du vaccin anti-Ebola"},"content":{"rendered":"<p>Ottawa et Montr\u00e9al ont \u00e9t\u00e9 choisies comme sites canadiens d&rsquo;un essai international d&rsquo;\u00e9tude de l&rsquo;efficacit\u00e9 et de l&rsquo;innocuit\u00e9 du vaccin pour \u00e9tablir une r\u00e9ponse immunoprotectrice chez les personnes s\u00e9ropositives au VIH. Plus de d\u00e9tails: <a href=\"http:\/\/ottawacitizen.com\/news\/local-news\/ottawa-among-the-sites-that-will-test-ebola-vaccine-in-hiv-positive-people\" target=\"_blank\" rel=\"noopener noreferrer\">http:\/\/ottawacitizen.com\/news\/local-news\/ottawa-among-the-sites-that-will-test-ebola-vaccine-in-hiv-positive-people<\/a><\/p>\n","protected":false},"excerpt":{"rendered":"<p>Ottawa et Montr\u00e9al ont \u00e9t\u00e9 choisies comme sites canadiens d&rsquo;un essai international d&rsquo;\u00e9tude de l&rsquo;efficacit\u00e9 et de l&rsquo;innocuit\u00e9 du vaccin pour \u00e9tablir une r\u00e9ponse immunoprotectrice chez les personnes s\u00e9ropositives au VIH. Plus de d\u00e9tails: http:\/\/ottawacitizen.com\/news\/local-news\/ottawa-among-the-sites-that-will-test-ebola-vaccine-in-hiv-positive-people<\/p>\n","protected":false},"author":9,"featured_media":0,"comment_status":"closed","ping_status":"closed","sticky":false,"template":"","format":"standard","meta":{"_acf_changed":false,"inline_featured_image":false,"footnotes":""},"categories":[4],"tags":[],"class_list":["post-7742","post","type-post","status-publish","format-standard","hentry","category-un-article"],"acf":[],"yoast_head":"<!-- This site is optimized with the Yoast SEO plugin v27.4 - https:\/\/yoast.com\/product\/yoast-seo-wordpress\/ -->\n<title>Des chercheurs du domaine du VIH dans un essai du vaccin anti-Ebola &#8211; ACRV<\/title>\n<meta name=\"robots\" content=\"index, follow, max-snippet:-1, max-image-preview:large, max-video-preview:-1\" \/>\n<link rel=\"canonical\" href=\"https:\/\/www.cahr-acrv.ca\/fr\/un-article\/des-chercheurs-du-domaine-du-vih-dans-un-essai-du-vaccin-anti-ebola\/\" \/>\n<meta property=\"og:locale\" content=\"fr_FR\" \/>\n<meta property=\"og:type\" content=\"article\" \/>\n<meta property=\"og:title\" content=\"Des chercheurs du domaine du VIH dans un essai du vaccin anti-Ebola &#8211; ACRV\" \/>\n<meta property=\"og:description\" content=\"Ottawa et Montr\u00e9al ont \u00e9t\u00e9 choisies comme sites canadiens d&rsquo;un essai international d&rsquo;\u00e9tude de l&rsquo;efficacit\u00e9 et de l&rsquo;innocuit\u00e9 du vaccin pour \u00e9tablir une r\u00e9ponse immunoprotectrice chez les personnes s\u00e9ropositives au VIH. Plus de d\u00e9tails: http:\/\/ottawacitizen.com\/news\/local-news\/ottawa-among-the-sites-that-will-test-ebola-vaccine-in-hiv-positive-people\" \/>\n<meta property=\"og:url\" content=\"https:\/\/www.cahr-acrv.ca\/fr\/un-article\/des-chercheurs-du-domaine-du-vih-dans-un-essai-du-vaccin-anti-ebola\/\" \/>\n<meta property=\"og:site_name\" content=\"ACRV\" \/>\n<meta property=\"article:publisher\" content=\"https:\/\/www.facebook.com\/CanadianAssociationforHIVResearch\" \/>\n<meta property=\"article:published_time\" content=\"2017-05-12T15:20:27+00:00\" \/>\n<meta name=\"author\" content=\"Jay\" \/>\n<meta name=\"twitter:card\" content=\"summary_large_image\" \/>\n<meta name=\"twitter:creator\" content=\"@CAHR_ACRV\" \/>\n<meta name=\"twitter:site\" content=\"@CAHR_ACRV\" \/>\n<meta name=\"twitter:label1\" content=\"\u00c9crit par\" \/>\n\t<meta name=\"twitter:data1\" content=\"Jay\" \/>\n<script type=\"application\/ld+json\" class=\"yoast-schema-graph\">{\"@context\":\"https:\\\/\\\/schema.org\",\"@graph\":[{\"@type\":\"Article\",\"@id\":\"https:\\\/\\\/www.cahr-acrv.ca\\\/fr\\\/un-article\\\/des-chercheurs-du-domaine-du-vih-dans-un-essai-du-vaccin-anti-ebola\\\/#article\",\"isPartOf\":{\"@id\":\"https:\\\/\\\/www.cahr-acrv.ca\\\/fr\\\/un-article\\\/des-chercheurs-du-domaine-du-vih-dans-un-essai-du-vaccin-anti-ebola\\\/\"},\"author\":{\"name\":\"Jay\",\"@id\":\"https:\\\/\\\/www.cahr-acrv.ca\\\/#\\\/schema\\\/person\\\/027e76acb03ba9e90c32bc1f76c38572\"},\"headline\":\"Des chercheurs du domaine du VIH dans un essai du vaccin anti-Ebola\",\"datePublished\":\"2017-05-12T15:20:27+00:00\",\"mainEntityOfPage\":{\"@id\":\"https:\\\/\\\/www.cahr-acrv.ca\\\/fr\\\/un-article\\\/des-chercheurs-du-domaine-du-vih-dans-un-essai-du-vaccin-anti-ebola\\\/\"},\"wordCount\":60,\"publisher\":{\"@id\":\"https:\\\/\\\/www.cahr-acrv.ca\\\/#organization\"},\"articleSection\":[\"un Article\"],\"inLanguage\":\"fr-FR\"},{\"@type\":\"WebPage\",\"@id\":\"https:\\\/\\\/www.cahr-acrv.ca\\\/fr\\\/un-article\\\/des-chercheurs-du-domaine-du-vih-dans-un-essai-du-vaccin-anti-ebola\\\/\",\"url\":\"https:\\\/\\\/www.cahr-acrv.ca\\\/fr\\\/un-article\\\/des-chercheurs-du-domaine-du-vih-dans-un-essai-du-vaccin-anti-ebola\\\/\",\"name\":\"Des chercheurs du domaine du VIH dans un essai du vaccin anti-Ebola &#8211; ACRV\",\"isPartOf\":{\"@id\":\"https:\\\/\\\/www.cahr-acrv.ca\\\/#website\"},\"datePublished\":\"2017-05-12T15:20:27+00:00\",\"breadcrumb\":{\"@id\":\"https:\\\/\\\/www.cahr-acrv.ca\\\/fr\\\/un-article\\\/des-chercheurs-du-domaine-du-vih-dans-un-essai-du-vaccin-anti-ebola\\\/#breadcrumb\"},\"inLanguage\":\"fr-FR\",\"potentialAction\":[{\"@type\":\"ReadAction\",\"target\":[\"https:\\\/\\\/www.cahr-acrv.ca\\\/fr\\\/un-article\\\/des-chercheurs-du-domaine-du-vih-dans-un-essai-du-vaccin-anti-ebola\\\/\"]}]},{\"@type\":\"BreadcrumbList\",\"@id\":\"https:\\\/\\\/www.cahr-acrv.ca\\\/fr\\\/un-article\\\/des-chercheurs-du-domaine-du-vih-dans-un-essai-du-vaccin-anti-ebola\\\/#breadcrumb\",\"itemListElement\":[{\"@type\":\"ListItem\",\"position\":1,\"name\":\"Accueil\",\"item\":\"https:\\\/\\\/www.cahr-acrv.ca\\\/fr\\\/accueil\\\/\"},{\"@type\":\"ListItem\",\"position\":2,\"name\":\"Des chercheurs du domaine du VIH dans un essai du vaccin anti-Ebola\"}]},{\"@type\":\"WebSite\",\"@id\":\"https:\\\/\\\/www.cahr-acrv.ca\\\/#website\",\"url\":\"https:\\\/\\\/www.cahr-acrv.ca\\\/\",\"name\":\"ACRV\",\"description\":\"L'association canadienne de recherche sur le VIH\",\"publisher\":{\"@id\":\"https:\\\/\\\/www.cahr-acrv.ca\\\/#organization\"},\"potentialAction\":[{\"@type\":\"SearchAction\",\"target\":{\"@type\":\"EntryPoint\",\"urlTemplate\":\"https:\\\/\\\/www.cahr-acrv.ca\\\/?s={search_term_string}\"},\"query-input\":{\"@type\":\"PropertyValueSpecification\",\"valueRequired\":true,\"valueName\":\"search_term_string\"}}],\"inLanguage\":\"fr-FR\"},{\"@type\":\"Organization\",\"@id\":\"https:\\\/\\\/www.cahr-acrv.ca\\\/#organization\",\"name\":\"Canadian Association for HIV Research\",\"alternateName\":\"CAHR\",\"url\":\"https:\\\/\\\/www.cahr-acrv.ca\\\/\",\"logo\":{\"@type\":\"ImageObject\",\"inLanguage\":\"fr-FR\",\"@id\":\"https:\\\/\\\/www.cahr-acrv.ca\\\/#\\\/schema\\\/logo\\\/image\\\/\",\"url\":\"https:\\\/\\\/www.cahr-acrv.ca\\\/wp-content\\\/uploads\\\/2025\\\/06\\\/cahr-organization-logo.png\",\"contentUrl\":\"https:\\\/\\\/www.cahr-acrv.ca\\\/wp-content\\\/uploads\\\/2025\\\/06\\\/cahr-organization-logo.png\",\"width\":696,\"height\":696,\"caption\":\"Canadian Association for HIV Research\"},\"image\":{\"@id\":\"https:\\\/\\\/www.cahr-acrv.ca\\\/#\\\/schema\\\/logo\\\/image\\\/\"},\"sameAs\":[\"https:\\\/\\\/www.facebook.com\\\/CanadianAssociationforHIVResearch\",\"https:\\\/\\\/x.com\\\/CAHR_ACRV\",\"https:\\\/\\\/bsky.app\\\/profile\\\/cahr-acrv.bsky.social\",\"https:\\\/\\\/www.youtube.com\\\/user\\\/CAHRACRV\",\"https:\\\/\\\/www.instagram.com\\\/cahr_acrv\\\/\",\"https:\\\/\\\/www.linkedin.com\\\/company\\\/canadian-association-for-hiv-research\\\/\"]},{\"@type\":\"Person\",\"@id\":\"https:\\\/\\\/www.cahr-acrv.ca\\\/#\\\/schema\\\/person\\\/027e76acb03ba9e90c32bc1f76c38572\",\"name\":\"Jay\",\"image\":{\"@type\":\"ImageObject\",\"inLanguage\":\"fr-FR\",\"@id\":\"https:\\\/\\\/secure.gravatar.com\\\/avatar\\\/31e31149ef35ad5e6ce7f3e33c355bf3e20940029cb1d8df97c1180323cd6d6a?s=96&d=mm&r=g\",\"url\":\"https:\\\/\\\/secure.gravatar.com\\\/avatar\\\/31e31149ef35ad5e6ce7f3e33c355bf3e20940029cb1d8df97c1180323cd6d6a?s=96&d=mm&r=g\",\"contentUrl\":\"https:\\\/\\\/secure.gravatar.com\\\/avatar\\\/31e31149ef35ad5e6ce7f3e33c355bf3e20940029cb1d8df97c1180323cd6d6a?s=96&d=mm&r=g\",\"caption\":\"Jay\"}}]}<\/script>\n<!-- \/ Yoast SEO plugin. -->","yoast_head_json":{"title":"Des chercheurs du domaine du VIH dans un essai du vaccin anti-Ebola &#8211; ACRV","robots":{"index":"index","follow":"follow","max-snippet":"max-snippet:-1","max-image-preview":"max-image-preview:large","max-video-preview":"max-video-preview:-1"},"canonical":"https:\/\/www.cahr-acrv.ca\/fr\/un-article\/des-chercheurs-du-domaine-du-vih-dans-un-essai-du-vaccin-anti-ebola\/","og_locale":"fr_FR","og_type":"article","og_title":"Des chercheurs du domaine du VIH dans un essai du vaccin anti-Ebola &#8211; ACRV","og_description":"Ottawa et Montr\u00e9al ont \u00e9t\u00e9 choisies comme sites canadiens d&rsquo;un essai international d&rsquo;\u00e9tude de l&rsquo;efficacit\u00e9 et de l&rsquo;innocuit\u00e9 du vaccin pour \u00e9tablir une r\u00e9ponse immunoprotectrice chez les personnes s\u00e9ropositives au VIH. Plus de d\u00e9tails: http:\/\/ottawacitizen.com\/news\/local-news\/ottawa-among-the-sites-that-will-test-ebola-vaccine-in-hiv-positive-people","og_url":"https:\/\/www.cahr-acrv.ca\/fr\/un-article\/des-chercheurs-du-domaine-du-vih-dans-un-essai-du-vaccin-anti-ebola\/","og_site_name":"ACRV","article_publisher":"https:\/\/www.facebook.com\/CanadianAssociationforHIVResearch","article_published_time":"2017-05-12T15:20:27+00:00","author":"Jay","twitter_card":"summary_large_image","twitter_creator":"@CAHR_ACRV","twitter_site":"@CAHR_ACRV","twitter_misc":{"\u00c9crit par":"Jay"},"schema":{"@context":"https:\/\/schema.org","@graph":[{"@type":"Article","@id":"https:\/\/www.cahr-acrv.ca\/fr\/un-article\/des-chercheurs-du-domaine-du-vih-dans-un-essai-du-vaccin-anti-ebola\/#article","isPartOf":{"@id":"https:\/\/www.cahr-acrv.ca\/fr\/un-article\/des-chercheurs-du-domaine-du-vih-dans-un-essai-du-vaccin-anti-ebola\/"},"author":{"name":"Jay","@id":"https:\/\/www.cahr-acrv.ca\/#\/schema\/person\/027e76acb03ba9e90c32bc1f76c38572"},"headline":"Des chercheurs du domaine du VIH dans un essai du vaccin anti-Ebola","datePublished":"2017-05-12T15:20:27+00:00","mainEntityOfPage":{"@id":"https:\/\/www.cahr-acrv.ca\/fr\/un-article\/des-chercheurs-du-domaine-du-vih-dans-un-essai-du-vaccin-anti-ebola\/"},"wordCount":60,"publisher":{"@id":"https:\/\/www.cahr-acrv.ca\/#organization"},"articleSection":["un Article"],"inLanguage":"fr-FR"},{"@type":"WebPage","@id":"https:\/\/www.cahr-acrv.ca\/fr\/un-article\/des-chercheurs-du-domaine-du-vih-dans-un-essai-du-vaccin-anti-ebola\/","url":"https:\/\/www.cahr-acrv.ca\/fr\/un-article\/des-chercheurs-du-domaine-du-vih-dans-un-essai-du-vaccin-anti-ebola\/","name":"Des chercheurs du domaine du VIH dans un essai du vaccin anti-Ebola &#8211; ACRV","isPartOf":{"@id":"https:\/\/www.cahr-acrv.ca\/#website"},"datePublished":"2017-05-12T15:20:27+00:00","breadcrumb":{"@id":"https:\/\/www.cahr-acrv.ca\/fr\/un-article\/des-chercheurs-du-domaine-du-vih-dans-un-essai-du-vaccin-anti-ebola\/#breadcrumb"},"inLanguage":"fr-FR","potentialAction":[{"@type":"ReadAction","target":["https:\/\/www.cahr-acrv.ca\/fr\/un-article\/des-chercheurs-du-domaine-du-vih-dans-un-essai-du-vaccin-anti-ebola\/"]}]},{"@type":"BreadcrumbList","@id":"https:\/\/www.cahr-acrv.ca\/fr\/un-article\/des-chercheurs-du-domaine-du-vih-dans-un-essai-du-vaccin-anti-ebola\/#breadcrumb","itemListElement":[{"@type":"ListItem","position":1,"name":"Accueil","item":"https:\/\/www.cahr-acrv.ca\/fr\/accueil\/"},{"@type":"ListItem","position":2,"name":"Des chercheurs du domaine du VIH dans un essai du vaccin anti-Ebola"}]},{"@type":"WebSite","@id":"https:\/\/www.cahr-acrv.ca\/#website","url":"https:\/\/www.cahr-acrv.ca\/","name":"ACRV","description":"L'association canadienne de recherche sur le VIH","publisher":{"@id":"https:\/\/www.cahr-acrv.ca\/#organization"},"potentialAction":[{"@type":"SearchAction","target":{"@type":"EntryPoint","urlTemplate":"https:\/\/www.cahr-acrv.ca\/?s={search_term_string}"},"query-input":{"@type":"PropertyValueSpecification","valueRequired":true,"valueName":"search_term_string"}}],"inLanguage":"fr-FR"},{"@type":"Organization","@id":"https:\/\/www.cahr-acrv.ca\/#organization","name":"Canadian Association for HIV Research","alternateName":"CAHR","url":"https:\/\/www.cahr-acrv.ca\/","logo":{"@type":"ImageObject","inLanguage":"fr-FR","@id":"https:\/\/www.cahr-acrv.ca\/#\/schema\/logo\/image\/","url":"https:\/\/www.cahr-acrv.ca\/wp-content\/uploads\/2025\/06\/cahr-organization-logo.png","contentUrl":"https:\/\/www.cahr-acrv.ca\/wp-content\/uploads\/2025\/06\/cahr-organization-logo.png","width":696,"height":696,"caption":"Canadian Association for HIV Research"},"image":{"@id":"https:\/\/www.cahr-acrv.ca\/#\/schema\/logo\/image\/"},"sameAs":["https:\/\/www.facebook.com\/CanadianAssociationforHIVResearch","https:\/\/x.com\/CAHR_ACRV","https:\/\/bsky.app\/profile\/cahr-acrv.bsky.social","https:\/\/www.youtube.com\/user\/CAHRACRV","https:\/\/www.instagram.com\/cahr_acrv\/","https:\/\/www.linkedin.com\/company\/canadian-association-for-hiv-research\/"]},{"@type":"Person","@id":"https:\/\/www.cahr-acrv.ca\/#\/schema\/person\/027e76acb03ba9e90c32bc1f76c38572","name":"Jay","image":{"@type":"ImageObject","inLanguage":"fr-FR","@id":"https:\/\/secure.gravatar.com\/avatar\/31e31149ef35ad5e6ce7f3e33c355bf3e20940029cb1d8df97c1180323cd6d6a?s=96&d=mm&r=g","url":"https:\/\/secure.gravatar.com\/avatar\/31e31149ef35ad5e6ce7f3e33c355bf3e20940029cb1d8df97c1180323cd6d6a?s=96&d=mm&r=g","contentUrl":"https:\/\/secure.gravatar.com\/avatar\/31e31149ef35ad5e6ce7f3e33c355bf3e20940029cb1d8df97c1180323cd6d6a?s=96&d=mm&r=g","caption":"Jay"}}]}},"_links":{"self":[{"href":"https:\/\/www.cahr-acrv.ca\/fr\/wp-json\/wp\/v2\/posts\/7742","targetHints":{"allow":["GET"]}}],"collection":[{"href":"https:\/\/www.cahr-acrv.ca\/fr\/wp-json\/wp\/v2\/posts"}],"about":[{"href":"https:\/\/www.cahr-acrv.ca\/fr\/wp-json\/wp\/v2\/types\/post"}],"author":[{"embeddable":true,"href":"https:\/\/www.cahr-acrv.ca\/fr\/wp-json\/wp\/v2\/users\/9"}],"replies":[{"embeddable":true,"href":"https:\/\/www.cahr-acrv.ca\/fr\/wp-json\/wp\/v2\/comments?post=7742"}],"version-history":[{"count":0,"href":"https:\/\/www.cahr-acrv.ca\/fr\/wp-json\/wp\/v2\/posts\/7742\/revisions"}],"wp:attachment":[{"href":"https:\/\/www.cahr-acrv.ca\/fr\/wp-json\/wp\/v2\/media?parent=7742"}],"wp:term":[{"taxonomy":"category","embeddable":true,"href":"https:\/\/www.cahr-acrv.ca\/fr\/wp-json\/wp\/v2\/categories?post=7742"},{"taxonomy":"post_tag","embeddable":true,"href":"https:\/\/www.cahr-acrv.ca\/fr\/wp-json\/wp\/v2\/tags?post=7742"}],"curies":[{"name":"wp","href":"https:\/\/api.w.org\/{rel}","templated":true}]}}