{"id":7738,"date":"2017-05-11T16:50:47","date_gmt":"2017-05-11T20:50:47","guid":{"rendered":"https:\/\/cahr.wpengine.com\/?p=7738\/"},"modified":"2018-03-12T13:08:08","modified_gmt":"2018-03-12T17:08:08","slug":"dr-michel-g-bergeron","status":"publish","type":"post","link":"https:\/\/www.cahr-acrv.ca\/fr\/un-article\/dr-michel-g-bergeron\/","title":{"rendered":"Nouveau membre 2017 du Temple de la renomm\u00e9e m\u00e9dicale canadienne : le Dr Michel G. Bergeron"},"content":{"rendered":"<p>Nos f\u00e9licitations \u00e0 l&rsquo;un des fondateurs de l&rsquo;ACRV, le Dr Michel G. Bergeron, pour son admission auTemple de la renomm\u00e9e m\u00e9dicale canadienne. Voir <a href=\"http:\/\/www.cdnmedhall.org\/fr\/inductees\/michelbergeron\" target=\"_blank\" rel=\"noopener noreferrer\">http:\/\/www.cdnmedhall.org\/fr\/inductees\/michelbergeron<\/a><\/p>\n<p>&nbsp;<\/p>\n","protected":false},"excerpt":{"rendered":"<p>Nos f\u00e9licitations \u00e0 l&rsquo;un des fondateurs de l&rsquo;ACRV, le Dr Michel G. Bergeron, pour son admission auTemple de la renomm\u00e9e m\u00e9dicale canadienne. Voir http:\/\/www.cdnmedhall.org\/fr\/inductees\/michelbergeron &nbsp;<\/p>\n","protected":false},"author":9,"featured_media":0,"comment_status":"closed","ping_status":"closed","sticky":false,"template":"","format":"standard","meta":{"_acf_changed":false,"inline_featured_image":false,"footnotes":""},"categories":[4],"tags":[],"class_list":["post-7738","post","type-post","status-publish","format-standard","hentry","category-un-article"],"acf":[],"yoast_head":"<!-- This site is optimized with the Yoast SEO plugin v27.4 - https:\/\/yoast.com\/product\/yoast-seo-wordpress\/ -->\n<title>Nouveau membre 2017 du Temple de la renomm\u00e9e m\u00e9dicale canadienne : le Dr Michel G. Bergeron &#8211; ACRV<\/title>\n<meta name=\"robots\" content=\"index, follow, max-snippet:-1, max-image-preview:large, max-video-preview:-1\" \/>\n<link rel=\"canonical\" href=\"https:\/\/www.cahr-acrv.ca\/fr\/un-article\/dr-michel-g-bergeron\/\" \/>\n<meta property=\"og:locale\" content=\"fr_FR\" \/>\n<meta property=\"og:type\" content=\"article\" \/>\n<meta property=\"og:title\" content=\"Nouveau membre 2017 du Temple de la renomm\u00e9e m\u00e9dicale canadienne : le Dr Michel G. Bergeron &#8211; ACRV\" \/>\n<meta property=\"og:description\" content=\"Nos f\u00e9licitations \u00e0 l&rsquo;un des fondateurs de l&rsquo;ACRV, le Dr Michel G. Bergeron, pour son admission auTemple de la renomm\u00e9e m\u00e9dicale canadienne. Voir http:\/\/www.cdnmedhall.org\/fr\/inductees\/michelbergeron &nbsp;\" \/>\n<meta property=\"og:url\" content=\"https:\/\/www.cahr-acrv.ca\/fr\/un-article\/dr-michel-g-bergeron\/\" \/>\n<meta property=\"og:site_name\" content=\"ACRV\" \/>\n<meta property=\"article:publisher\" content=\"https:\/\/www.facebook.com\/CanadianAssociationforHIVResearch\" \/>\n<meta property=\"article:published_time\" content=\"2017-05-11T20:50:47+00:00\" \/>\n<meta property=\"article:modified_time\" content=\"2018-03-12T17:08:08+00:00\" \/>\n<meta name=\"author\" content=\"Jay\" \/>\n<meta name=\"twitter:card\" content=\"summary_large_image\" \/>\n<meta name=\"twitter:creator\" content=\"@CAHR_ACRV\" \/>\n<meta name=\"twitter:site\" content=\"@CAHR_ACRV\" \/>\n<meta name=\"twitter:label1\" content=\"\u00c9crit par\" \/>\n\t<meta name=\"twitter:data1\" content=\"Jay\" \/>\n<script type=\"application\/ld+json\" class=\"yoast-schema-graph\">{\"@context\":\"https:\\\/\\\/schema.org\",\"@graph\":[{\"@type\":\"Article\",\"@id\":\"https:\\\/\\\/www.cahr-acrv.ca\\\/fr\\\/un-article\\\/dr-michel-g-bergeron\\\/#article\",\"isPartOf\":{\"@id\":\"https:\\\/\\\/www.cahr-acrv.ca\\\/fr\\\/un-article\\\/dr-michel-g-bergeron\\\/\"},\"author\":{\"name\":\"Jay\",\"@id\":\"https:\\\/\\\/www.cahr-acrv.ca\\\/#\\\/schema\\\/person\\\/027e76acb03ba9e90c32bc1f76c38572\"},\"headline\":\"Nouveau membre 2017 du Temple de la renomm\u00e9e m\u00e9dicale canadienne : le Dr Michel G. Bergeron\",\"datePublished\":\"2017-05-11T20:50:47+00:00\",\"dateModified\":\"2018-03-12T17:08:08+00:00\",\"mainEntityOfPage\":{\"@id\":\"https:\\\/\\\/www.cahr-acrv.ca\\\/fr\\\/un-article\\\/dr-michel-g-bergeron\\\/\"},\"wordCount\":51,\"publisher\":{\"@id\":\"https:\\\/\\\/www.cahr-acrv.ca\\\/#organization\"},\"articleSection\":[\"un Article\"],\"inLanguage\":\"fr-FR\"},{\"@type\":\"WebPage\",\"@id\":\"https:\\\/\\\/www.cahr-acrv.ca\\\/fr\\\/un-article\\\/dr-michel-g-bergeron\\\/\",\"url\":\"https:\\\/\\\/www.cahr-acrv.ca\\\/fr\\\/un-article\\\/dr-michel-g-bergeron\\\/\",\"name\":\"Nouveau membre 2017 du Temple de la renomm\u00e9e m\u00e9dicale canadienne : le Dr Michel G. Bergeron &#8211; ACRV\",\"isPartOf\":{\"@id\":\"https:\\\/\\\/www.cahr-acrv.ca\\\/#website\"},\"datePublished\":\"2017-05-11T20:50:47+00:00\",\"dateModified\":\"2018-03-12T17:08:08+00:00\",\"breadcrumb\":{\"@id\":\"https:\\\/\\\/www.cahr-acrv.ca\\\/fr\\\/un-article\\\/dr-michel-g-bergeron\\\/#breadcrumb\"},\"inLanguage\":\"fr-FR\",\"potentialAction\":[{\"@type\":\"ReadAction\",\"target\":[\"https:\\\/\\\/www.cahr-acrv.ca\\\/fr\\\/un-article\\\/dr-michel-g-bergeron\\\/\"]}]},{\"@type\":\"BreadcrumbList\",\"@id\":\"https:\\\/\\\/www.cahr-acrv.ca\\\/fr\\\/un-article\\\/dr-michel-g-bergeron\\\/#breadcrumb\",\"itemListElement\":[{\"@type\":\"ListItem\",\"position\":1,\"name\":\"Accueil\",\"item\":\"https:\\\/\\\/www.cahr-acrv.ca\\\/fr\\\/accueil\\\/\"},{\"@type\":\"ListItem\",\"position\":2,\"name\":\"Nouveau membre 2017 du Temple de la renomm\u00e9e m\u00e9dicale canadienne : le Dr Michel G. Bergeron\"}]},{\"@type\":\"WebSite\",\"@id\":\"https:\\\/\\\/www.cahr-acrv.ca\\\/#website\",\"url\":\"https:\\\/\\\/www.cahr-acrv.ca\\\/\",\"name\":\"ACRV\",\"description\":\"L'association canadienne de recherche sur le VIH\",\"publisher\":{\"@id\":\"https:\\\/\\\/www.cahr-acrv.ca\\\/#organization\"},\"potentialAction\":[{\"@type\":\"SearchAction\",\"target\":{\"@type\":\"EntryPoint\",\"urlTemplate\":\"https:\\\/\\\/www.cahr-acrv.ca\\\/?s={search_term_string}\"},\"query-input\":{\"@type\":\"PropertyValueSpecification\",\"valueRequired\":true,\"valueName\":\"search_term_string\"}}],\"inLanguage\":\"fr-FR\"},{\"@type\":\"Organization\",\"@id\":\"https:\\\/\\\/www.cahr-acrv.ca\\\/#organization\",\"name\":\"Canadian Association for HIV Research\",\"alternateName\":\"CAHR\",\"url\":\"https:\\\/\\\/www.cahr-acrv.ca\\\/\",\"logo\":{\"@type\":\"ImageObject\",\"inLanguage\":\"fr-FR\",\"@id\":\"https:\\\/\\\/www.cahr-acrv.ca\\\/#\\\/schema\\\/logo\\\/image\\\/\",\"url\":\"https:\\\/\\\/www.cahr-acrv.ca\\\/wp-content\\\/uploads\\\/2025\\\/06\\\/cahr-organization-logo.png\",\"contentUrl\":\"https:\\\/\\\/www.cahr-acrv.ca\\\/wp-content\\\/uploads\\\/2025\\\/06\\\/cahr-organization-logo.png\",\"width\":696,\"height\":696,\"caption\":\"Canadian Association for HIV Research\"},\"image\":{\"@id\":\"https:\\\/\\\/www.cahr-acrv.ca\\\/#\\\/schema\\\/logo\\\/image\\\/\"},\"sameAs\":[\"https:\\\/\\\/www.facebook.com\\\/CanadianAssociationforHIVResearch\",\"https:\\\/\\\/x.com\\\/CAHR_ACRV\",\"https:\\\/\\\/bsky.app\\\/profile\\\/cahr-acrv.bsky.social\",\"https:\\\/\\\/www.youtube.com\\\/user\\\/CAHRACRV\",\"https:\\\/\\\/www.instagram.com\\\/cahr_acrv\\\/\",\"https:\\\/\\\/www.linkedin.com\\\/company\\\/canadian-association-for-hiv-research\\\/\"]},{\"@type\":\"Person\",\"@id\":\"https:\\\/\\\/www.cahr-acrv.ca\\\/#\\\/schema\\\/person\\\/027e76acb03ba9e90c32bc1f76c38572\",\"name\":\"Jay\",\"image\":{\"@type\":\"ImageObject\",\"inLanguage\":\"fr-FR\",\"@id\":\"https:\\\/\\\/secure.gravatar.com\\\/avatar\\\/31e31149ef35ad5e6ce7f3e33c355bf3e20940029cb1d8df97c1180323cd6d6a?s=96&d=mm&r=g\",\"url\":\"https:\\\/\\\/secure.gravatar.com\\\/avatar\\\/31e31149ef35ad5e6ce7f3e33c355bf3e20940029cb1d8df97c1180323cd6d6a?s=96&d=mm&r=g\",\"contentUrl\":\"https:\\\/\\\/secure.gravatar.com\\\/avatar\\\/31e31149ef35ad5e6ce7f3e33c355bf3e20940029cb1d8df97c1180323cd6d6a?s=96&d=mm&r=g\",\"caption\":\"Jay\"}}]}<\/script>\n<!-- \/ Yoast SEO plugin. -->","yoast_head_json":{"title":"Nouveau membre 2017 du Temple de la renomm\u00e9e m\u00e9dicale canadienne : le Dr Michel G. Bergeron &#8211; ACRV","robots":{"index":"index","follow":"follow","max-snippet":"max-snippet:-1","max-image-preview":"max-image-preview:large","max-video-preview":"max-video-preview:-1"},"canonical":"https:\/\/www.cahr-acrv.ca\/fr\/un-article\/dr-michel-g-bergeron\/","og_locale":"fr_FR","og_type":"article","og_title":"Nouveau membre 2017 du Temple de la renomm\u00e9e m\u00e9dicale canadienne : le Dr Michel G. Bergeron &#8211; ACRV","og_description":"Nos f\u00e9licitations \u00e0 l&rsquo;un des fondateurs de l&rsquo;ACRV, le Dr Michel G. Bergeron, pour son admission auTemple de la renomm\u00e9e m\u00e9dicale canadienne. Voir http:\/\/www.cdnmedhall.org\/fr\/inductees\/michelbergeron &nbsp;","og_url":"https:\/\/www.cahr-acrv.ca\/fr\/un-article\/dr-michel-g-bergeron\/","og_site_name":"ACRV","article_publisher":"https:\/\/www.facebook.com\/CanadianAssociationforHIVResearch","article_published_time":"2017-05-11T20:50:47+00:00","article_modified_time":"2018-03-12T17:08:08+00:00","author":"Jay","twitter_card":"summary_large_image","twitter_creator":"@CAHR_ACRV","twitter_site":"@CAHR_ACRV","twitter_misc":{"\u00c9crit par":"Jay"},"schema":{"@context":"https:\/\/schema.org","@graph":[{"@type":"Article","@id":"https:\/\/www.cahr-acrv.ca\/fr\/un-article\/dr-michel-g-bergeron\/#article","isPartOf":{"@id":"https:\/\/www.cahr-acrv.ca\/fr\/un-article\/dr-michel-g-bergeron\/"},"author":{"name":"Jay","@id":"https:\/\/www.cahr-acrv.ca\/#\/schema\/person\/027e76acb03ba9e90c32bc1f76c38572"},"headline":"Nouveau membre 2017 du Temple de la renomm\u00e9e m\u00e9dicale canadienne : le Dr Michel G. Bergeron","datePublished":"2017-05-11T20:50:47+00:00","dateModified":"2018-03-12T17:08:08+00:00","mainEntityOfPage":{"@id":"https:\/\/www.cahr-acrv.ca\/fr\/un-article\/dr-michel-g-bergeron\/"},"wordCount":51,"publisher":{"@id":"https:\/\/www.cahr-acrv.ca\/#organization"},"articleSection":["un Article"],"inLanguage":"fr-FR"},{"@type":"WebPage","@id":"https:\/\/www.cahr-acrv.ca\/fr\/un-article\/dr-michel-g-bergeron\/","url":"https:\/\/www.cahr-acrv.ca\/fr\/un-article\/dr-michel-g-bergeron\/","name":"Nouveau membre 2017 du Temple de la renomm\u00e9e m\u00e9dicale canadienne : le Dr Michel G. Bergeron &#8211; ACRV","isPartOf":{"@id":"https:\/\/www.cahr-acrv.ca\/#website"},"datePublished":"2017-05-11T20:50:47+00:00","dateModified":"2018-03-12T17:08:08+00:00","breadcrumb":{"@id":"https:\/\/www.cahr-acrv.ca\/fr\/un-article\/dr-michel-g-bergeron\/#breadcrumb"},"inLanguage":"fr-FR","potentialAction":[{"@type":"ReadAction","target":["https:\/\/www.cahr-acrv.ca\/fr\/un-article\/dr-michel-g-bergeron\/"]}]},{"@type":"BreadcrumbList","@id":"https:\/\/www.cahr-acrv.ca\/fr\/un-article\/dr-michel-g-bergeron\/#breadcrumb","itemListElement":[{"@type":"ListItem","position":1,"name":"Accueil","item":"https:\/\/www.cahr-acrv.ca\/fr\/accueil\/"},{"@type":"ListItem","position":2,"name":"Nouveau membre 2017 du Temple de la renomm\u00e9e m\u00e9dicale canadienne : le Dr Michel G. Bergeron"}]},{"@type":"WebSite","@id":"https:\/\/www.cahr-acrv.ca\/#website","url":"https:\/\/www.cahr-acrv.ca\/","name":"ACRV","description":"L'association canadienne de recherche sur le VIH","publisher":{"@id":"https:\/\/www.cahr-acrv.ca\/#organization"},"potentialAction":[{"@type":"SearchAction","target":{"@type":"EntryPoint","urlTemplate":"https:\/\/www.cahr-acrv.ca\/?s={search_term_string}"},"query-input":{"@type":"PropertyValueSpecification","valueRequired":true,"valueName":"search_term_string"}}],"inLanguage":"fr-FR"},{"@type":"Organization","@id":"https:\/\/www.cahr-acrv.ca\/#organization","name":"Canadian Association for HIV Research","alternateName":"CAHR","url":"https:\/\/www.cahr-acrv.ca\/","logo":{"@type":"ImageObject","inLanguage":"fr-FR","@id":"https:\/\/www.cahr-acrv.ca\/#\/schema\/logo\/image\/","url":"https:\/\/www.cahr-acrv.ca\/wp-content\/uploads\/2025\/06\/cahr-organization-logo.png","contentUrl":"https:\/\/www.cahr-acrv.ca\/wp-content\/uploads\/2025\/06\/cahr-organization-logo.png","width":696,"height":696,"caption":"Canadian Association for HIV Research"},"image":{"@id":"https:\/\/www.cahr-acrv.ca\/#\/schema\/logo\/image\/"},"sameAs":["https:\/\/www.facebook.com\/CanadianAssociationforHIVResearch","https:\/\/x.com\/CAHR_ACRV","https:\/\/bsky.app\/profile\/cahr-acrv.bsky.social","https:\/\/www.youtube.com\/user\/CAHRACRV","https:\/\/www.instagram.com\/cahr_acrv\/","https:\/\/www.linkedin.com\/company\/canadian-association-for-hiv-research\/"]},{"@type":"Person","@id":"https:\/\/www.cahr-acrv.ca\/#\/schema\/person\/027e76acb03ba9e90c32bc1f76c38572","name":"Jay","image":{"@type":"ImageObject","inLanguage":"fr-FR","@id":"https:\/\/secure.gravatar.com\/avatar\/31e31149ef35ad5e6ce7f3e33c355bf3e20940029cb1d8df97c1180323cd6d6a?s=96&d=mm&r=g","url":"https:\/\/secure.gravatar.com\/avatar\/31e31149ef35ad5e6ce7f3e33c355bf3e20940029cb1d8df97c1180323cd6d6a?s=96&d=mm&r=g","contentUrl":"https:\/\/secure.gravatar.com\/avatar\/31e31149ef35ad5e6ce7f3e33c355bf3e20940029cb1d8df97c1180323cd6d6a?s=96&d=mm&r=g","caption":"Jay"}}]}},"_links":{"self":[{"href":"https:\/\/www.cahr-acrv.ca\/fr\/wp-json\/wp\/v2\/posts\/7738","targetHints":{"allow":["GET"]}}],"collection":[{"href":"https:\/\/www.cahr-acrv.ca\/fr\/wp-json\/wp\/v2\/posts"}],"about":[{"href":"https:\/\/www.cahr-acrv.ca\/fr\/wp-json\/wp\/v2\/types\/post"}],"author":[{"embeddable":true,"href":"https:\/\/www.cahr-acrv.ca\/fr\/wp-json\/wp\/v2\/users\/9"}],"replies":[{"embeddable":true,"href":"https:\/\/www.cahr-acrv.ca\/fr\/wp-json\/wp\/v2\/comments?post=7738"}],"version-history":[{"count":0,"href":"https:\/\/www.cahr-acrv.ca\/fr\/wp-json\/wp\/v2\/posts\/7738\/revisions"}],"wp:attachment":[{"href":"https:\/\/www.cahr-acrv.ca\/fr\/wp-json\/wp\/v2\/media?parent=7738"}],"wp:term":[{"taxonomy":"category","embeddable":true,"href":"https:\/\/www.cahr-acrv.ca\/fr\/wp-json\/wp\/v2\/categories?post=7738"},{"taxonomy":"post_tag","embeddable":true,"href":"https:\/\/www.cahr-acrv.ca\/fr\/wp-json\/wp\/v2\/tags?post=7738"}],"curies":[{"name":"wp","href":"https:\/\/api.w.org\/{rel}","templated":true}]}}