{"id":6932,"date":"2016-06-03T14:04:15","date_gmt":"2016-06-03T18:04:15","guid":{"rendered":"https:\/\/cahr.wpengine.com\/fr\/?page_id=6932"},"modified":"2021-05-21T10:39:48","modified_gmt":"2021-05-21T14:39:48","slug":"prononce-de-la-conference-marc-wainberg-2016-dre-stephen-moses","status":"publish","type":"post","link":"https:\/\/www.cahr-acrv.ca\/fr\/cahr-prix-et-bourses\/prononce-de-la-conference-marc-wainberg-2016-dre-stephen-moses\/","title":{"rendered":"Prononc\u00e9 de la Conf\u00e9rence Marc Wainberg 2016: Dr Stephen Moses"},"content":{"rendered":"<p><img loading=\"lazy\" decoding=\"async\" class=\"alignleft wp-image-6630 \" src=\"https:\/\/www.cahr-acrv.ca\/wp-content\/uploads\/2013\/03\/Stephen-Moses-768x1024.jpg\" width=\"148\" height=\"197\" srcset=\"https:\/\/www.cahr-acrv.ca\/wp-content\/uploads\/2013\/03\/Stephen-Moses-768x1024.jpg 768w, https:\/\/www.cahr-acrv.ca\/wp-content\/uploads\/2013\/03\/Stephen-Moses-225x300.jpg 225w\" sizes=\"auto, (max-width: 148px) 100vw, 148px\" \/>Celui qui prononcera la Conf\u00e9rence Mark Wainberg au cours de l\u2019ACRV 2016 est le Dr\u00a0Stephen Moses de l\u2019Universit\u00e9 du Manitoba. Le Dr\u00a0Moses est m\u00e9decin et scientifique sp\u00e9cialis\u00e9 dans les strat\u00e9gies de pr\u00e9vention du VIH et l\u2019\u00e9laboration de programmes de pr\u00e9vention. Le comit\u00e9 organisateur du Congr\u00e8s de l\u2019ACRV attribue la Conf\u00e9rence Mark Wainberg \u00e0 la fois pour souligner les contributions actuelles du Dr\u00a0Moses \u00e0 la recherche et reconna\u00eetre les efforts d\u2019autres intervenants dans la collectivit\u00e9 de la recherche qui sont les t\u00e9moins des m\u00eames caract\u00e9ristiques d\u2019excellence, de pers\u00e9v\u00e9rance et d\u2019engagement \u00e0 la cause, \u00e0 savoir trouver des moyens innovateurs de contrer l\u2019\u00e9pid\u00e9mie de VIH\/sida.<\/p>\n<p>Le Dr Moses a d\u00e9but\u00e9 sa carri\u00e8re au Centre de recherche pour le d\u00e9veloppement international et a travaill\u00e9 au Kenya dans le milieu des ann\u00e9es 1980, lorsqu\u2019il est devenu \u00e9vident que le VIH devenait une pr\u00e9occupation sanitaire majeure. Il a particip\u00e9 \u00e0 l\u2019\u00e9laboration et \u00e0 la mise en \u0153uvre de programmes visant \u00e0 r\u00e9duire les risques d\u2019acquisition du VIH chez les travailleuses du sexe et a pilot\u00e9 des \u00e9tudes sur l\u2019utilisation de la circoncision masculine pour r\u00e9duire la transmission du VIH. Le Dr\u00a0Moses a quitt\u00e9 le CRDI en 1989 et s\u2019est associ\u00e9 aux chercheurs de l\u2019Universit\u00e9 du Manitoba. Actuellement, il continue \u00e0 offrir un soutien technique et des orientations strat\u00e9giques pour l\u2019\u00e9laboration de programmes de pr\u00e9vention du VIH tant au Kenya qu\u2019en Inde.<\/p>\n<p>Le Dr\u00a0Moses est convaincu que les programmes de recherche et de pr\u00e9vention \u00e0 l\u2019intention des populations cl\u00e9s ou vuln\u00e9rables et leur pleine participation \u00e0 ces programmes sont essentiels \u00e0 la r\u00e9ussite des efforts de pr\u00e9vention du VIH. \u00ab\u00a0Ce sont des \u00e9l\u00e9ments de la population que, souvent, les soci\u00e9t\u00e9s marginalisent et qui sont fr\u00e9quemment cach\u00e9s. Il faut vraiment d\u00e9ployer des efforts soutenus pour inclure dans votre travail les populations vuln\u00e9rables,\u00a0\u00bb dit-il, \u00ab\u00a0a la fois pour leur propre sant\u00e9 et pour r\u00e9duire le risque de transmission du VIH \u00e0 d\u2019autres. Intervenir dans ce contexte peut avoir des effets consid\u00e9rables sur la sant\u00e9 des personnes et sur l\u2019\u00e9volution d\u2019une \u00e9pid\u00e9mie de VIH ou d\u2019une IST.\u00a0\u00bb Le Dr\u00a0Moses pr\u00e9sentera son expos\u00e9 intitul\u00e9 <strong><em>HIV Prevention: Local to Global and Back to the Future <\/em><\/strong><em>(Pr\u00e9vention du VIH\u00a0: Du local au mondial\u2026 et retour vers le futur)<\/em> et se concentrera sur cet aspect de son travail. \u00ab\u00a0C\u2019est une \u00e9poque des plus int\u00e9ressantes en mati\u00e8re de pr\u00e9vention du VIH \u2013 il y a plusieurs nouvelles technologies et approches qui se sont r\u00e9pandues ces derni\u00e8res ann\u00e9es\u00a0\u00bb, d\u2019ajouter le Dr\u00a0Moses. \u00ab\u00a0Par contre, il demeure essentiel de veiller \u00e0 ce qu\u2019elles soient introduites et \u00e9tudi\u00e9es dans ces populations cl\u00e9s\u00a0\u00bb.<\/p>\n<p>&nbsp;<\/p>\n<p>&nbsp;<\/p>\n","protected":false},"excerpt":{"rendered":"<p>Celui qui prononcera la Conf\u00e9rence Mark Wainberg au cours de l\u2019ACRV 2016 est le Dr\u00a0Stephen Moses de l\u2019Universit\u00e9 du Manitoba. Le Dr\u00a0Moses est m\u00e9decin et scientifique sp\u00e9cialis\u00e9 dans les strat\u00e9gies de pr\u00e9vention du VIH et l\u2019\u00e9laboration de programmes de pr\u00e9vention. Le comit\u00e9 organisateur du Congr\u00e8s de l\u2019ACRV attribue la Conf\u00e9rence Mark Wainberg \u00e0 la fois [&hellip;]<\/p>\n","protected":false},"author":9,"featured_media":0,"comment_status":"closed","ping_status":"closed","sticky":false,"template":"","format":"standard","meta":{"_acf_changed":false,"inline_featured_image":false,"footnotes":""},"categories":[44],"tags":[71],"class_list":["post-6932","post","type-post","status-publish","format-standard","hentry","category-cahr-prix-et-bourses","tag-conference-mark-wainberg"],"acf":[],"yoast_head":"<!-- This site is optimized with the Yoast SEO plugin v27.4 - https:\/\/yoast.com\/product\/yoast-seo-wordpress\/ -->\n<title>Prononc\u00e9 de la Conf\u00e9rence Marc Wainberg 2016: Dr Stephen Moses &#8211; ACRV<\/title>\n<meta name=\"robots\" content=\"index, follow, max-snippet:-1, max-image-preview:large, max-video-preview:-1\" \/>\n<link rel=\"canonical\" href=\"https:\/\/www.cahr-acrv.ca\/fr\/cahr-prix-et-bourses\/prononce-de-la-conference-marc-wainberg-2016-dre-stephen-moses\/\" \/>\n<meta property=\"og:locale\" content=\"fr_FR\" \/>\n<meta property=\"og:type\" content=\"article\" \/>\n<meta property=\"og:title\" content=\"Prononc\u00e9 de la Conf\u00e9rence Marc Wainberg 2016: Dr Stephen Moses &#8211; ACRV\" \/>\n<meta property=\"og:description\" content=\"Celui qui prononcera la Conf\u00e9rence Mark Wainberg au cours de l\u2019ACRV 2016 est le Dr\u00a0Stephen Moses de l\u2019Universit\u00e9 du Manitoba. Le Dr\u00a0Moses est m\u00e9decin et scientifique sp\u00e9cialis\u00e9 dans les strat\u00e9gies de pr\u00e9vention du VIH et l\u2019\u00e9laboration de programmes de pr\u00e9vention. Le comit\u00e9 organisateur du Congr\u00e8s de l\u2019ACRV attribue la Conf\u00e9rence Mark Wainberg \u00e0 la fois [&hellip;]\" \/>\n<meta property=\"og:url\" content=\"https:\/\/www.cahr-acrv.ca\/fr\/cahr-prix-et-bourses\/prononce-de-la-conference-marc-wainberg-2016-dre-stephen-moses\/\" \/>\n<meta property=\"og:site_name\" content=\"ACRV\" \/>\n<meta property=\"article:publisher\" content=\"https:\/\/www.facebook.com\/CanadianAssociationforHIVResearch\" \/>\n<meta property=\"article:published_time\" content=\"2016-06-03T18:04:15+00:00\" \/>\n<meta property=\"article:modified_time\" content=\"2021-05-21T14:39:48+00:00\" \/>\n<meta property=\"og:image\" content=\"https:\/\/www.cahr-acrv.ca\/wp-content\/uploads\/2013\/03\/Stephen-Moses-768x1024.jpg\" \/>\n<meta name=\"author\" content=\"Jay\" \/>\n<meta name=\"twitter:card\" content=\"summary_large_image\" \/>\n<meta name=\"twitter:creator\" content=\"@CAHR_ACRV\" \/>\n<meta name=\"twitter:site\" content=\"@CAHR_ACRV\" \/>\n<meta name=\"twitter:label1\" content=\"\u00c9crit par\" \/>\n\t<meta name=\"twitter:data1\" content=\"Jay\" \/>\n\t<meta name=\"twitter:label2\" content=\"Dur\u00e9e de lecture estim\u00e9e\" \/>\n\t<meta name=\"twitter:data2\" content=\"2 minutes\" \/>\n<script type=\"application\/ld+json\" class=\"yoast-schema-graph\">{\"@context\":\"https:\\\/\\\/schema.org\",\"@graph\":[{\"@type\":\"Article\",\"@id\":\"https:\\\/\\\/www.cahr-acrv.ca\\\/fr\\\/cahr-prix-et-bourses\\\/prononce-de-la-conference-marc-wainberg-2016-dre-stephen-moses\\\/#article\",\"isPartOf\":{\"@id\":\"https:\\\/\\\/www.cahr-acrv.ca\\\/fr\\\/cahr-prix-et-bourses\\\/prononce-de-la-conference-marc-wainberg-2016-dre-stephen-moses\\\/\"},\"author\":{\"name\":\"Jay\",\"@id\":\"https:\\\/\\\/www.cahr-acrv.ca\\\/#\\\/schema\\\/person\\\/027e76acb03ba9e90c32bc1f76c38572\"},\"headline\":\"Prononc\u00e9 de la Conf\u00e9rence Marc Wainberg 2016: Dr Stephen Moses\",\"datePublished\":\"2016-06-03T18:04:15+00:00\",\"dateModified\":\"2021-05-21T14:39:48+00:00\",\"mainEntityOfPage\":{\"@id\":\"https:\\\/\\\/www.cahr-acrv.ca\\\/fr\\\/cahr-prix-et-bourses\\\/prononce-de-la-conference-marc-wainberg-2016-dre-stephen-moses\\\/\"},\"wordCount\":500,\"publisher\":{\"@id\":\"https:\\\/\\\/www.cahr-acrv.ca\\\/#organization\"},\"image\":{\"@id\":\"https:\\\/\\\/www.cahr-acrv.ca\\\/fr\\\/cahr-prix-et-bourses\\\/prononce-de-la-conference-marc-wainberg-2016-dre-stephen-moses\\\/#primaryimage\"},\"thumbnailUrl\":\"https:\\\/\\\/www.cahr-acrv.ca\\\/wp-content\\\/uploads\\\/2013\\\/03\\\/Stephen-Moses-768x1024.jpg\",\"keywords\":[\"Conf\u00e9rence Mark Wainberg\"],\"articleSection\":[\"Laur\u00e9at du prix\"],\"inLanguage\":\"fr-FR\"},{\"@type\":\"WebPage\",\"@id\":\"https:\\\/\\\/www.cahr-acrv.ca\\\/fr\\\/cahr-prix-et-bourses\\\/prononce-de-la-conference-marc-wainberg-2016-dre-stephen-moses\\\/\",\"url\":\"https:\\\/\\\/www.cahr-acrv.ca\\\/fr\\\/cahr-prix-et-bourses\\\/prononce-de-la-conference-marc-wainberg-2016-dre-stephen-moses\\\/\",\"name\":\"Prononc\u00e9 de la Conf\u00e9rence Marc Wainberg 2016: Dr Stephen Moses &#8211; ACRV\",\"isPartOf\":{\"@id\":\"https:\\\/\\\/www.cahr-acrv.ca\\\/#website\"},\"primaryImageOfPage\":{\"@id\":\"https:\\\/\\\/www.cahr-acrv.ca\\\/fr\\\/cahr-prix-et-bourses\\\/prononce-de-la-conference-marc-wainberg-2016-dre-stephen-moses\\\/#primaryimage\"},\"image\":{\"@id\":\"https:\\\/\\\/www.cahr-acrv.ca\\\/fr\\\/cahr-prix-et-bourses\\\/prononce-de-la-conference-marc-wainberg-2016-dre-stephen-moses\\\/#primaryimage\"},\"thumbnailUrl\":\"https:\\\/\\\/www.cahr-acrv.ca\\\/wp-content\\\/uploads\\\/2013\\\/03\\\/Stephen-Moses-768x1024.jpg\",\"datePublished\":\"2016-06-03T18:04:15+00:00\",\"dateModified\":\"2021-05-21T14:39:48+00:00\",\"breadcrumb\":{\"@id\":\"https:\\\/\\\/www.cahr-acrv.ca\\\/fr\\\/cahr-prix-et-bourses\\\/prononce-de-la-conference-marc-wainberg-2016-dre-stephen-moses\\\/#breadcrumb\"},\"inLanguage\":\"fr-FR\",\"potentialAction\":[{\"@type\":\"ReadAction\",\"target\":[\"https:\\\/\\\/www.cahr-acrv.ca\\\/fr\\\/cahr-prix-et-bourses\\\/prononce-de-la-conference-marc-wainberg-2016-dre-stephen-moses\\\/\"]}]},{\"@type\":\"ImageObject\",\"inLanguage\":\"fr-FR\",\"@id\":\"https:\\\/\\\/www.cahr-acrv.ca\\\/fr\\\/cahr-prix-et-bourses\\\/prononce-de-la-conference-marc-wainberg-2016-dre-stephen-moses\\\/#primaryimage\",\"url\":\"https:\\\/\\\/www.cahr-acrv.ca\\\/wp-content\\\/uploads\\\/2013\\\/03\\\/Stephen-Moses-768x1024.jpg\",\"contentUrl\":\"https:\\\/\\\/www.cahr-acrv.ca\\\/wp-content\\\/uploads\\\/2013\\\/03\\\/Stephen-Moses-768x1024.jpg\"},{\"@type\":\"BreadcrumbList\",\"@id\":\"https:\\\/\\\/www.cahr-acrv.ca\\\/fr\\\/cahr-prix-et-bourses\\\/prononce-de-la-conference-marc-wainberg-2016-dre-stephen-moses\\\/#breadcrumb\",\"itemListElement\":[{\"@type\":\"ListItem\",\"position\":1,\"name\":\"Accueil\",\"item\":\"https:\\\/\\\/www.cahr-acrv.ca\\\/fr\\\/accueil\\\/\"},{\"@type\":\"ListItem\",\"position\":2,\"name\":\"Prononc\u00e9 de la Conf\u00e9rence Marc Wainberg 2016: Dr Stephen Moses\"}]},{\"@type\":\"WebSite\",\"@id\":\"https:\\\/\\\/www.cahr-acrv.ca\\\/#website\",\"url\":\"https:\\\/\\\/www.cahr-acrv.ca\\\/\",\"name\":\"ACRV\",\"description\":\"L'association canadienne de recherche sur le VIH\",\"publisher\":{\"@id\":\"https:\\\/\\\/www.cahr-acrv.ca\\\/#organization\"},\"potentialAction\":[{\"@type\":\"SearchAction\",\"target\":{\"@type\":\"EntryPoint\",\"urlTemplate\":\"https:\\\/\\\/www.cahr-acrv.ca\\\/?s={search_term_string}\"},\"query-input\":{\"@type\":\"PropertyValueSpecification\",\"valueRequired\":true,\"valueName\":\"search_term_string\"}}],\"inLanguage\":\"fr-FR\"},{\"@type\":\"Organization\",\"@id\":\"https:\\\/\\\/www.cahr-acrv.ca\\\/#organization\",\"name\":\"Canadian Association for HIV Research\",\"alternateName\":\"CAHR\",\"url\":\"https:\\\/\\\/www.cahr-acrv.ca\\\/\",\"logo\":{\"@type\":\"ImageObject\",\"inLanguage\":\"fr-FR\",\"@id\":\"https:\\\/\\\/www.cahr-acrv.ca\\\/#\\\/schema\\\/logo\\\/image\\\/\",\"url\":\"https:\\\/\\\/www.cahr-acrv.ca\\\/wp-content\\\/uploads\\\/2025\\\/06\\\/cahr-organization-logo.png\",\"contentUrl\":\"https:\\\/\\\/www.cahr-acrv.ca\\\/wp-content\\\/uploads\\\/2025\\\/06\\\/cahr-organization-logo.png\",\"width\":696,\"height\":696,\"caption\":\"Canadian Association for HIV Research\"},\"image\":{\"@id\":\"https:\\\/\\\/www.cahr-acrv.ca\\\/#\\\/schema\\\/logo\\\/image\\\/\"},\"sameAs\":[\"https:\\\/\\\/www.facebook.com\\\/CanadianAssociationforHIVResearch\",\"https:\\\/\\\/x.com\\\/CAHR_ACRV\",\"https:\\\/\\\/bsky.app\\\/profile\\\/cahr-acrv.bsky.social\",\"https:\\\/\\\/www.youtube.com\\\/user\\\/CAHRACRV\",\"https:\\\/\\\/www.instagram.com\\\/cahr_acrv\\\/\",\"https:\\\/\\\/www.linkedin.com\\\/company\\\/canadian-association-for-hiv-research\\\/\"]},{\"@type\":\"Person\",\"@id\":\"https:\\\/\\\/www.cahr-acrv.ca\\\/#\\\/schema\\\/person\\\/027e76acb03ba9e90c32bc1f76c38572\",\"name\":\"Jay\",\"image\":{\"@type\":\"ImageObject\",\"inLanguage\":\"fr-FR\",\"@id\":\"https:\\\/\\\/secure.gravatar.com\\\/avatar\\\/31e31149ef35ad5e6ce7f3e33c355bf3e20940029cb1d8df97c1180323cd6d6a?s=96&d=mm&r=g\",\"url\":\"https:\\\/\\\/secure.gravatar.com\\\/avatar\\\/31e31149ef35ad5e6ce7f3e33c355bf3e20940029cb1d8df97c1180323cd6d6a?s=96&d=mm&r=g\",\"contentUrl\":\"https:\\\/\\\/secure.gravatar.com\\\/avatar\\\/31e31149ef35ad5e6ce7f3e33c355bf3e20940029cb1d8df97c1180323cd6d6a?s=96&d=mm&r=g\",\"caption\":\"Jay\"}}]}<\/script>\n<!-- \/ Yoast SEO plugin. -->","yoast_head_json":{"title":"Prononc\u00e9 de la Conf\u00e9rence Marc Wainberg 2016: Dr Stephen Moses &#8211; ACRV","robots":{"index":"index","follow":"follow","max-snippet":"max-snippet:-1","max-image-preview":"max-image-preview:large","max-video-preview":"max-video-preview:-1"},"canonical":"https:\/\/www.cahr-acrv.ca\/fr\/cahr-prix-et-bourses\/prononce-de-la-conference-marc-wainberg-2016-dre-stephen-moses\/","og_locale":"fr_FR","og_type":"article","og_title":"Prononc\u00e9 de la Conf\u00e9rence Marc Wainberg 2016: Dr Stephen Moses &#8211; ACRV","og_description":"Celui qui prononcera la Conf\u00e9rence Mark Wainberg au cours de l\u2019ACRV 2016 est le Dr\u00a0Stephen Moses de l\u2019Universit\u00e9 du Manitoba. Le Dr\u00a0Moses est m\u00e9decin et scientifique sp\u00e9cialis\u00e9 dans les strat\u00e9gies de pr\u00e9vention du VIH et l\u2019\u00e9laboration de programmes de pr\u00e9vention. Le comit\u00e9 organisateur du Congr\u00e8s de l\u2019ACRV attribue la Conf\u00e9rence Mark Wainberg \u00e0 la fois [&hellip;]","og_url":"https:\/\/www.cahr-acrv.ca\/fr\/cahr-prix-et-bourses\/prononce-de-la-conference-marc-wainberg-2016-dre-stephen-moses\/","og_site_name":"ACRV","article_publisher":"https:\/\/www.facebook.com\/CanadianAssociationforHIVResearch","article_published_time":"2016-06-03T18:04:15+00:00","article_modified_time":"2021-05-21T14:39:48+00:00","og_image":[{"url":"https:\/\/www.cahr-acrv.ca\/wp-content\/uploads\/2013\/03\/Stephen-Moses-768x1024.jpg","type":"","width":"","height":""}],"author":"Jay","twitter_card":"summary_large_image","twitter_creator":"@CAHR_ACRV","twitter_site":"@CAHR_ACRV","twitter_misc":{"\u00c9crit par":"Jay","Dur\u00e9e de lecture estim\u00e9e":"2 minutes"},"schema":{"@context":"https:\/\/schema.org","@graph":[{"@type":"Article","@id":"https:\/\/www.cahr-acrv.ca\/fr\/cahr-prix-et-bourses\/prononce-de-la-conference-marc-wainberg-2016-dre-stephen-moses\/#article","isPartOf":{"@id":"https:\/\/www.cahr-acrv.ca\/fr\/cahr-prix-et-bourses\/prononce-de-la-conference-marc-wainberg-2016-dre-stephen-moses\/"},"author":{"name":"Jay","@id":"https:\/\/www.cahr-acrv.ca\/#\/schema\/person\/027e76acb03ba9e90c32bc1f76c38572"},"headline":"Prononc\u00e9 de la Conf\u00e9rence Marc Wainberg 2016: Dr Stephen Moses","datePublished":"2016-06-03T18:04:15+00:00","dateModified":"2021-05-21T14:39:48+00:00","mainEntityOfPage":{"@id":"https:\/\/www.cahr-acrv.ca\/fr\/cahr-prix-et-bourses\/prononce-de-la-conference-marc-wainberg-2016-dre-stephen-moses\/"},"wordCount":500,"publisher":{"@id":"https:\/\/www.cahr-acrv.ca\/#organization"},"image":{"@id":"https:\/\/www.cahr-acrv.ca\/fr\/cahr-prix-et-bourses\/prononce-de-la-conference-marc-wainberg-2016-dre-stephen-moses\/#primaryimage"},"thumbnailUrl":"https:\/\/www.cahr-acrv.ca\/wp-content\/uploads\/2013\/03\/Stephen-Moses-768x1024.jpg","keywords":["Conf\u00e9rence Mark Wainberg"],"articleSection":["Laur\u00e9at du prix"],"inLanguage":"fr-FR"},{"@type":"WebPage","@id":"https:\/\/www.cahr-acrv.ca\/fr\/cahr-prix-et-bourses\/prononce-de-la-conference-marc-wainberg-2016-dre-stephen-moses\/","url":"https:\/\/www.cahr-acrv.ca\/fr\/cahr-prix-et-bourses\/prononce-de-la-conference-marc-wainberg-2016-dre-stephen-moses\/","name":"Prononc\u00e9 de la Conf\u00e9rence Marc Wainberg 2016: Dr Stephen Moses &#8211; ACRV","isPartOf":{"@id":"https:\/\/www.cahr-acrv.ca\/#website"},"primaryImageOfPage":{"@id":"https:\/\/www.cahr-acrv.ca\/fr\/cahr-prix-et-bourses\/prononce-de-la-conference-marc-wainberg-2016-dre-stephen-moses\/#primaryimage"},"image":{"@id":"https:\/\/www.cahr-acrv.ca\/fr\/cahr-prix-et-bourses\/prononce-de-la-conference-marc-wainberg-2016-dre-stephen-moses\/#primaryimage"},"thumbnailUrl":"https:\/\/www.cahr-acrv.ca\/wp-content\/uploads\/2013\/03\/Stephen-Moses-768x1024.jpg","datePublished":"2016-06-03T18:04:15+00:00","dateModified":"2021-05-21T14:39:48+00:00","breadcrumb":{"@id":"https:\/\/www.cahr-acrv.ca\/fr\/cahr-prix-et-bourses\/prononce-de-la-conference-marc-wainberg-2016-dre-stephen-moses\/#breadcrumb"},"inLanguage":"fr-FR","potentialAction":[{"@type":"ReadAction","target":["https:\/\/www.cahr-acrv.ca\/fr\/cahr-prix-et-bourses\/prononce-de-la-conference-marc-wainberg-2016-dre-stephen-moses\/"]}]},{"@type":"ImageObject","inLanguage":"fr-FR","@id":"https:\/\/www.cahr-acrv.ca\/fr\/cahr-prix-et-bourses\/prononce-de-la-conference-marc-wainberg-2016-dre-stephen-moses\/#primaryimage","url":"https:\/\/www.cahr-acrv.ca\/wp-content\/uploads\/2013\/03\/Stephen-Moses-768x1024.jpg","contentUrl":"https:\/\/www.cahr-acrv.ca\/wp-content\/uploads\/2013\/03\/Stephen-Moses-768x1024.jpg"},{"@type":"BreadcrumbList","@id":"https:\/\/www.cahr-acrv.ca\/fr\/cahr-prix-et-bourses\/prononce-de-la-conference-marc-wainberg-2016-dre-stephen-moses\/#breadcrumb","itemListElement":[{"@type":"ListItem","position":1,"name":"Accueil","item":"https:\/\/www.cahr-acrv.ca\/fr\/accueil\/"},{"@type":"ListItem","position":2,"name":"Prononc\u00e9 de la Conf\u00e9rence Marc Wainberg 2016: Dr Stephen Moses"}]},{"@type":"WebSite","@id":"https:\/\/www.cahr-acrv.ca\/#website","url":"https:\/\/www.cahr-acrv.ca\/","name":"ACRV","description":"L'association canadienne de recherche sur le VIH","publisher":{"@id":"https:\/\/www.cahr-acrv.ca\/#organization"},"potentialAction":[{"@type":"SearchAction","target":{"@type":"EntryPoint","urlTemplate":"https:\/\/www.cahr-acrv.ca\/?s={search_term_string}"},"query-input":{"@type":"PropertyValueSpecification","valueRequired":true,"valueName":"search_term_string"}}],"inLanguage":"fr-FR"},{"@type":"Organization","@id":"https:\/\/www.cahr-acrv.ca\/#organization","name":"Canadian Association for HIV Research","alternateName":"CAHR","url":"https:\/\/www.cahr-acrv.ca\/","logo":{"@type":"ImageObject","inLanguage":"fr-FR","@id":"https:\/\/www.cahr-acrv.ca\/#\/schema\/logo\/image\/","url":"https:\/\/www.cahr-acrv.ca\/wp-content\/uploads\/2025\/06\/cahr-organization-logo.png","contentUrl":"https:\/\/www.cahr-acrv.ca\/wp-content\/uploads\/2025\/06\/cahr-organization-logo.png","width":696,"height":696,"caption":"Canadian Association for HIV Research"},"image":{"@id":"https:\/\/www.cahr-acrv.ca\/#\/schema\/logo\/image\/"},"sameAs":["https:\/\/www.facebook.com\/CanadianAssociationforHIVResearch","https:\/\/x.com\/CAHR_ACRV","https:\/\/bsky.app\/profile\/cahr-acrv.bsky.social","https:\/\/www.youtube.com\/user\/CAHRACRV","https:\/\/www.instagram.com\/cahr_acrv\/","https:\/\/www.linkedin.com\/company\/canadian-association-for-hiv-research\/"]},{"@type":"Person","@id":"https:\/\/www.cahr-acrv.ca\/#\/schema\/person\/027e76acb03ba9e90c32bc1f76c38572","name":"Jay","image":{"@type":"ImageObject","inLanguage":"fr-FR","@id":"https:\/\/secure.gravatar.com\/avatar\/31e31149ef35ad5e6ce7f3e33c355bf3e20940029cb1d8df97c1180323cd6d6a?s=96&d=mm&r=g","url":"https:\/\/secure.gravatar.com\/avatar\/31e31149ef35ad5e6ce7f3e33c355bf3e20940029cb1d8df97c1180323cd6d6a?s=96&d=mm&r=g","contentUrl":"https:\/\/secure.gravatar.com\/avatar\/31e31149ef35ad5e6ce7f3e33c355bf3e20940029cb1d8df97c1180323cd6d6a?s=96&d=mm&r=g","caption":"Jay"}}]}},"_links":{"self":[{"href":"https:\/\/www.cahr-acrv.ca\/fr\/wp-json\/wp\/v2\/posts\/6932","targetHints":{"allow":["GET"]}}],"collection":[{"href":"https:\/\/www.cahr-acrv.ca\/fr\/wp-json\/wp\/v2\/posts"}],"about":[{"href":"https:\/\/www.cahr-acrv.ca\/fr\/wp-json\/wp\/v2\/types\/post"}],"author":[{"embeddable":true,"href":"https:\/\/www.cahr-acrv.ca\/fr\/wp-json\/wp\/v2\/users\/9"}],"replies":[{"embeddable":true,"href":"https:\/\/www.cahr-acrv.ca\/fr\/wp-json\/wp\/v2\/comments?post=6932"}],"version-history":[{"count":0,"href":"https:\/\/www.cahr-acrv.ca\/fr\/wp-json\/wp\/v2\/posts\/6932\/revisions"}],"wp:attachment":[{"href":"https:\/\/www.cahr-acrv.ca\/fr\/wp-json\/wp\/v2\/media?parent=6932"}],"wp:term":[{"taxonomy":"category","embeddable":true,"href":"https:\/\/www.cahr-acrv.ca\/fr\/wp-json\/wp\/v2\/categories?post=6932"},{"taxonomy":"post_tag","embeddable":true,"href":"https:\/\/www.cahr-acrv.ca\/fr\/wp-json\/wp\/v2\/tags?post=6932"}],"curies":[{"name":"wp","href":"https:\/\/api.w.org\/{rel}","templated":true}]}}