{"id":3421,"date":"2013-09-23T18:22:58","date_gmt":"2013-09-23T22:22:58","guid":{"rendered":"https:\/\/cahr.wpengine.com\/?page_id=3421"},"modified":"2018-02-14T16:45:30","modified_gmt":"2018-02-14T21:45:30","slug":"prononce-de-la-conference-marc-wainberg-2013-dre-liviana-calzavara","status":"publish","type":"post","link":"https:\/\/www.cahr-acrv.ca\/fr\/cahr-prix-et-bourses\/prononce-de-la-conference-marc-wainberg-2013-dre-liviana-calzavara\/","title":{"rendered":"Prononc\u00e9 de la Conf\u00e9rence Marc Wainberg 2013: Dre Liviana Calzavara"},"content":{"rendered":"<p>La Conf\u00e9rence Mark Wainberg 2013 a \u00e9t\u00e9 pr\u00e9sent\u00e9e par le Dr Liviana Calzavara, qui a fourni \u00e0 l&rsquo;auditoire quelques \u00e9l\u00e9ments cl\u00e9s pour alimenter sa r\u00e9flexion au cours du Congr\u00e8s. Sa pr\u00e9sentation sous le th\u00e8me \u00ab Recentrer nos efforts : Faire face aux facteurs structurels qui sous-tendent et orientent silencieusement la recherche sur le VIH \u00bb s&rsquo;est r\u00e9v\u00e9l\u00e9e propice \u00e0 une remise en question, voire \u00e0 une critique du statu quo. La conf\u00e9renci\u00e8re a abord\u00e9 les nombreuses forces structurelles qui influencent l&rsquo;orientation de la recherche, telles que les politiques gouvernementales, les priorit\u00e9s de financement, les attentes et les normes soci\u00e9tales. Selon elle, il est temps de retourner aux sources des priorit\u00e9s originales que l&rsquo;Initiative f\u00e9d\u00e9rale de lutte contre le VIH\/sida au Canada s&rsquo;\u00e9tait fix\u00e9e en 2004. Le Dr Calzavara a exprim\u00e9 ses inqui\u00e9tudes au sujet de la multiplication des organismes, agences gouvernementales, ONG et \u00e9tablissements qui travaillent en recherche sur le VIH\/sida et juge qu&rsquo;il est n\u00e9cessaire d&rsquo;assurer une meilleure coordination et de clarifier les priorit\u00e9s.<\/p>\n","protected":false},"excerpt":{"rendered":"<p>La Conf\u00e9rence Mark Wainberg 2013 a \u00e9t\u00e9 pr\u00e9sent\u00e9e par le Dr Liviana Calzavara, qui a fourni \u00e0 l&rsquo;auditoire quelques \u00e9l\u00e9ments cl\u00e9s pour alimenter sa r\u00e9flexion au cours du Congr\u00e8s. Sa pr\u00e9sentation sous le th\u00e8me \u00ab Recentrer nos efforts : Faire face aux facteurs structurels qui sous-tendent et orientent silencieusement la recherche sur le VIH \u00bb [&hellip;]<\/p>\n","protected":false},"author":9,"featured_media":0,"comment_status":"closed","ping_status":"closed","sticky":false,"template":"","format":"standard","meta":{"_acf_changed":false,"inline_featured_image":false,"footnotes":""},"categories":[44],"tags":[71],"class_list":["post-3421","post","type-post","status-publish","format-standard","hentry","category-cahr-prix-et-bourses","tag-conference-mark-wainberg"],"acf":[],"yoast_head":"<!-- This site is optimized with the Yoast SEO plugin v27.4 - https:\/\/yoast.com\/product\/yoast-seo-wordpress\/ -->\n<title>Prononc\u00e9 de la Conf\u00e9rence Marc Wainberg 2013: Dre Liviana Calzavara &#8211; ACRV<\/title>\n<meta name=\"robots\" content=\"index, follow, max-snippet:-1, max-image-preview:large, max-video-preview:-1\" \/>\n<link rel=\"canonical\" href=\"https:\/\/www.cahr-acrv.ca\/fr\/cahr-prix-et-bourses\/prononce-de-la-conference-marc-wainberg-2013-dre-liviana-calzavara\/\" \/>\n<meta property=\"og:locale\" content=\"fr_FR\" \/>\n<meta property=\"og:type\" content=\"article\" \/>\n<meta property=\"og:title\" content=\"Prononc\u00e9 de la Conf\u00e9rence Marc Wainberg 2013: Dre Liviana Calzavara &#8211; ACRV\" \/>\n<meta property=\"og:description\" content=\"La Conf\u00e9rence Mark Wainberg 2013 a \u00e9t\u00e9 pr\u00e9sent\u00e9e par le Dr Liviana Calzavara, qui a fourni \u00e0 l&rsquo;auditoire quelques \u00e9l\u00e9ments cl\u00e9s pour alimenter sa r\u00e9flexion au cours du Congr\u00e8s. Sa pr\u00e9sentation sous le th\u00e8me \u00ab Recentrer nos efforts : Faire face aux facteurs structurels qui sous-tendent et orientent silencieusement la recherche sur le VIH \u00bb [&hellip;]\" \/>\n<meta property=\"og:url\" content=\"https:\/\/www.cahr-acrv.ca\/fr\/cahr-prix-et-bourses\/prononce-de-la-conference-marc-wainberg-2013-dre-liviana-calzavara\/\" \/>\n<meta property=\"og:site_name\" content=\"ACRV\" \/>\n<meta property=\"article:publisher\" content=\"https:\/\/www.facebook.com\/CanadianAssociationforHIVResearch\" \/>\n<meta property=\"article:published_time\" content=\"2013-09-23T22:22:58+00:00\" \/>\n<meta property=\"article:modified_time\" content=\"2018-02-14T21:45:30+00:00\" \/>\n<meta name=\"author\" content=\"Jay\" \/>\n<meta name=\"twitter:card\" content=\"summary_large_image\" \/>\n<meta name=\"twitter:creator\" content=\"@CAHR_ACRV\" \/>\n<meta name=\"twitter:site\" content=\"@CAHR_ACRV\" \/>\n<meta name=\"twitter:label1\" content=\"\u00c9crit par\" \/>\n\t<meta name=\"twitter:data1\" content=\"Jay\" \/>\n\t<meta name=\"twitter:label2\" content=\"Dur\u00e9e de lecture estim\u00e9e\" \/>\n\t<meta name=\"twitter:data2\" content=\"1 minute\" \/>\n<script type=\"application\/ld+json\" class=\"yoast-schema-graph\">{\"@context\":\"https:\\\/\\\/schema.org\",\"@graph\":[{\"@type\":\"Article\",\"@id\":\"https:\\\/\\\/www.cahr-acrv.ca\\\/fr\\\/cahr-prix-et-bourses\\\/prononce-de-la-conference-marc-wainberg-2013-dre-liviana-calzavara\\\/#article\",\"isPartOf\":{\"@id\":\"https:\\\/\\\/www.cahr-acrv.ca\\\/fr\\\/cahr-prix-et-bourses\\\/prononce-de-la-conference-marc-wainberg-2013-dre-liviana-calzavara\\\/\"},\"author\":{\"name\":\"Jay\",\"@id\":\"https:\\\/\\\/www.cahr-acrv.ca\\\/#\\\/schema\\\/person\\\/027e76acb03ba9e90c32bc1f76c38572\"},\"headline\":\"Prononc\u00e9 de la Conf\u00e9rence Marc Wainberg 2013: Dre Liviana Calzavara\",\"datePublished\":\"2013-09-23T22:22:58+00:00\",\"dateModified\":\"2018-02-14T21:45:30+00:00\",\"mainEntityOfPage\":{\"@id\":\"https:\\\/\\\/www.cahr-acrv.ca\\\/fr\\\/cahr-prix-et-bourses\\\/prononce-de-la-conference-marc-wainberg-2013-dre-liviana-calzavara\\\/\"},\"wordCount\":199,\"publisher\":{\"@id\":\"https:\\\/\\\/www.cahr-acrv.ca\\\/#organization\"},\"keywords\":[\"Conf\u00e9rence Mark Wainberg\"],\"articleSection\":[\"Laur\u00e9at du prix\"],\"inLanguage\":\"fr-FR\"},{\"@type\":\"WebPage\",\"@id\":\"https:\\\/\\\/www.cahr-acrv.ca\\\/fr\\\/cahr-prix-et-bourses\\\/prononce-de-la-conference-marc-wainberg-2013-dre-liviana-calzavara\\\/\",\"url\":\"https:\\\/\\\/www.cahr-acrv.ca\\\/fr\\\/cahr-prix-et-bourses\\\/prononce-de-la-conference-marc-wainberg-2013-dre-liviana-calzavara\\\/\",\"name\":\"Prononc\u00e9 de la Conf\u00e9rence Marc Wainberg 2013: Dre Liviana Calzavara &#8211; ACRV\",\"isPartOf\":{\"@id\":\"https:\\\/\\\/www.cahr-acrv.ca\\\/#website\"},\"datePublished\":\"2013-09-23T22:22:58+00:00\",\"dateModified\":\"2018-02-14T21:45:30+00:00\",\"breadcrumb\":{\"@id\":\"https:\\\/\\\/www.cahr-acrv.ca\\\/fr\\\/cahr-prix-et-bourses\\\/prononce-de-la-conference-marc-wainberg-2013-dre-liviana-calzavara\\\/#breadcrumb\"},\"inLanguage\":\"fr-FR\",\"potentialAction\":[{\"@type\":\"ReadAction\",\"target\":[\"https:\\\/\\\/www.cahr-acrv.ca\\\/fr\\\/cahr-prix-et-bourses\\\/prononce-de-la-conference-marc-wainberg-2013-dre-liviana-calzavara\\\/\"]}]},{\"@type\":\"BreadcrumbList\",\"@id\":\"https:\\\/\\\/www.cahr-acrv.ca\\\/fr\\\/cahr-prix-et-bourses\\\/prononce-de-la-conference-marc-wainberg-2013-dre-liviana-calzavara\\\/#breadcrumb\",\"itemListElement\":[{\"@type\":\"ListItem\",\"position\":1,\"name\":\"Accueil\",\"item\":\"https:\\\/\\\/www.cahr-acrv.ca\\\/fr\\\/accueil\\\/\"},{\"@type\":\"ListItem\",\"position\":2,\"name\":\"Prononc\u00e9 de la Conf\u00e9rence Marc Wainberg 2013: Dre Liviana Calzavara\"}]},{\"@type\":\"WebSite\",\"@id\":\"https:\\\/\\\/www.cahr-acrv.ca\\\/#website\",\"url\":\"https:\\\/\\\/www.cahr-acrv.ca\\\/\",\"name\":\"ACRV\",\"description\":\"L'association canadienne de recherche sur le VIH\",\"publisher\":{\"@id\":\"https:\\\/\\\/www.cahr-acrv.ca\\\/#organization\"},\"potentialAction\":[{\"@type\":\"SearchAction\",\"target\":{\"@type\":\"EntryPoint\",\"urlTemplate\":\"https:\\\/\\\/www.cahr-acrv.ca\\\/?s={search_term_string}\"},\"query-input\":{\"@type\":\"PropertyValueSpecification\",\"valueRequired\":true,\"valueName\":\"search_term_string\"}}],\"inLanguage\":\"fr-FR\"},{\"@type\":\"Organization\",\"@id\":\"https:\\\/\\\/www.cahr-acrv.ca\\\/#organization\",\"name\":\"Canadian Association for HIV Research\",\"alternateName\":\"CAHR\",\"url\":\"https:\\\/\\\/www.cahr-acrv.ca\\\/\",\"logo\":{\"@type\":\"ImageObject\",\"inLanguage\":\"fr-FR\",\"@id\":\"https:\\\/\\\/www.cahr-acrv.ca\\\/#\\\/schema\\\/logo\\\/image\\\/\",\"url\":\"https:\\\/\\\/www.cahr-acrv.ca\\\/wp-content\\\/uploads\\\/2025\\\/06\\\/cahr-organization-logo.png\",\"contentUrl\":\"https:\\\/\\\/www.cahr-acrv.ca\\\/wp-content\\\/uploads\\\/2025\\\/06\\\/cahr-organization-logo.png\",\"width\":696,\"height\":696,\"caption\":\"Canadian Association for HIV Research\"},\"image\":{\"@id\":\"https:\\\/\\\/www.cahr-acrv.ca\\\/#\\\/schema\\\/logo\\\/image\\\/\"},\"sameAs\":[\"https:\\\/\\\/www.facebook.com\\\/CanadianAssociationforHIVResearch\",\"https:\\\/\\\/x.com\\\/CAHR_ACRV\",\"https:\\\/\\\/bsky.app\\\/profile\\\/cahr-acrv.bsky.social\",\"https:\\\/\\\/www.youtube.com\\\/user\\\/CAHRACRV\",\"https:\\\/\\\/www.instagram.com\\\/cahr_acrv\\\/\",\"https:\\\/\\\/www.linkedin.com\\\/company\\\/canadian-association-for-hiv-research\\\/\"]},{\"@type\":\"Person\",\"@id\":\"https:\\\/\\\/www.cahr-acrv.ca\\\/#\\\/schema\\\/person\\\/027e76acb03ba9e90c32bc1f76c38572\",\"name\":\"Jay\",\"image\":{\"@type\":\"ImageObject\",\"inLanguage\":\"fr-FR\",\"@id\":\"https:\\\/\\\/secure.gravatar.com\\\/avatar\\\/31e31149ef35ad5e6ce7f3e33c355bf3e20940029cb1d8df97c1180323cd6d6a?s=96&d=mm&r=g\",\"url\":\"https:\\\/\\\/secure.gravatar.com\\\/avatar\\\/31e31149ef35ad5e6ce7f3e33c355bf3e20940029cb1d8df97c1180323cd6d6a?s=96&d=mm&r=g\",\"contentUrl\":\"https:\\\/\\\/secure.gravatar.com\\\/avatar\\\/31e31149ef35ad5e6ce7f3e33c355bf3e20940029cb1d8df97c1180323cd6d6a?s=96&d=mm&r=g\",\"caption\":\"Jay\"}}]}<\/script>\n<!-- \/ Yoast SEO plugin. -->","yoast_head_json":{"title":"Prononc\u00e9 de la Conf\u00e9rence Marc Wainberg 2013: Dre Liviana Calzavara &#8211; ACRV","robots":{"index":"index","follow":"follow","max-snippet":"max-snippet:-1","max-image-preview":"max-image-preview:large","max-video-preview":"max-video-preview:-1"},"canonical":"https:\/\/www.cahr-acrv.ca\/fr\/cahr-prix-et-bourses\/prononce-de-la-conference-marc-wainberg-2013-dre-liviana-calzavara\/","og_locale":"fr_FR","og_type":"article","og_title":"Prononc\u00e9 de la Conf\u00e9rence Marc Wainberg 2013: Dre Liviana Calzavara &#8211; ACRV","og_description":"La Conf\u00e9rence Mark Wainberg 2013 a \u00e9t\u00e9 pr\u00e9sent\u00e9e par le Dr Liviana Calzavara, qui a fourni \u00e0 l&rsquo;auditoire quelques \u00e9l\u00e9ments cl\u00e9s pour alimenter sa r\u00e9flexion au cours du Congr\u00e8s. Sa pr\u00e9sentation sous le th\u00e8me \u00ab Recentrer nos efforts : Faire face aux facteurs structurels qui sous-tendent et orientent silencieusement la recherche sur le VIH \u00bb [&hellip;]","og_url":"https:\/\/www.cahr-acrv.ca\/fr\/cahr-prix-et-bourses\/prononce-de-la-conference-marc-wainberg-2013-dre-liviana-calzavara\/","og_site_name":"ACRV","article_publisher":"https:\/\/www.facebook.com\/CanadianAssociationforHIVResearch","article_published_time":"2013-09-23T22:22:58+00:00","article_modified_time":"2018-02-14T21:45:30+00:00","author":"Jay","twitter_card":"summary_large_image","twitter_creator":"@CAHR_ACRV","twitter_site":"@CAHR_ACRV","twitter_misc":{"\u00c9crit par":"Jay","Dur\u00e9e de lecture estim\u00e9e":"1 minute"},"schema":{"@context":"https:\/\/schema.org","@graph":[{"@type":"Article","@id":"https:\/\/www.cahr-acrv.ca\/fr\/cahr-prix-et-bourses\/prononce-de-la-conference-marc-wainberg-2013-dre-liviana-calzavara\/#article","isPartOf":{"@id":"https:\/\/www.cahr-acrv.ca\/fr\/cahr-prix-et-bourses\/prononce-de-la-conference-marc-wainberg-2013-dre-liviana-calzavara\/"},"author":{"name":"Jay","@id":"https:\/\/www.cahr-acrv.ca\/#\/schema\/person\/027e76acb03ba9e90c32bc1f76c38572"},"headline":"Prononc\u00e9 de la Conf\u00e9rence Marc Wainberg 2013: Dre Liviana Calzavara","datePublished":"2013-09-23T22:22:58+00:00","dateModified":"2018-02-14T21:45:30+00:00","mainEntityOfPage":{"@id":"https:\/\/www.cahr-acrv.ca\/fr\/cahr-prix-et-bourses\/prononce-de-la-conference-marc-wainberg-2013-dre-liviana-calzavara\/"},"wordCount":199,"publisher":{"@id":"https:\/\/www.cahr-acrv.ca\/#organization"},"keywords":["Conf\u00e9rence Mark Wainberg"],"articleSection":["Laur\u00e9at du prix"],"inLanguage":"fr-FR"},{"@type":"WebPage","@id":"https:\/\/www.cahr-acrv.ca\/fr\/cahr-prix-et-bourses\/prononce-de-la-conference-marc-wainberg-2013-dre-liviana-calzavara\/","url":"https:\/\/www.cahr-acrv.ca\/fr\/cahr-prix-et-bourses\/prononce-de-la-conference-marc-wainberg-2013-dre-liviana-calzavara\/","name":"Prononc\u00e9 de la Conf\u00e9rence Marc Wainberg 2013: Dre Liviana Calzavara &#8211; ACRV","isPartOf":{"@id":"https:\/\/www.cahr-acrv.ca\/#website"},"datePublished":"2013-09-23T22:22:58+00:00","dateModified":"2018-02-14T21:45:30+00:00","breadcrumb":{"@id":"https:\/\/www.cahr-acrv.ca\/fr\/cahr-prix-et-bourses\/prononce-de-la-conference-marc-wainberg-2013-dre-liviana-calzavara\/#breadcrumb"},"inLanguage":"fr-FR","potentialAction":[{"@type":"ReadAction","target":["https:\/\/www.cahr-acrv.ca\/fr\/cahr-prix-et-bourses\/prononce-de-la-conference-marc-wainberg-2013-dre-liviana-calzavara\/"]}]},{"@type":"BreadcrumbList","@id":"https:\/\/www.cahr-acrv.ca\/fr\/cahr-prix-et-bourses\/prononce-de-la-conference-marc-wainberg-2013-dre-liviana-calzavara\/#breadcrumb","itemListElement":[{"@type":"ListItem","position":1,"name":"Accueil","item":"https:\/\/www.cahr-acrv.ca\/fr\/accueil\/"},{"@type":"ListItem","position":2,"name":"Prononc\u00e9 de la Conf\u00e9rence Marc Wainberg 2013: Dre Liviana Calzavara"}]},{"@type":"WebSite","@id":"https:\/\/www.cahr-acrv.ca\/#website","url":"https:\/\/www.cahr-acrv.ca\/","name":"ACRV","description":"L'association canadienne de recherche sur le VIH","publisher":{"@id":"https:\/\/www.cahr-acrv.ca\/#organization"},"potentialAction":[{"@type":"SearchAction","target":{"@type":"EntryPoint","urlTemplate":"https:\/\/www.cahr-acrv.ca\/?s={search_term_string}"},"query-input":{"@type":"PropertyValueSpecification","valueRequired":true,"valueName":"search_term_string"}}],"inLanguage":"fr-FR"},{"@type":"Organization","@id":"https:\/\/www.cahr-acrv.ca\/#organization","name":"Canadian Association for HIV Research","alternateName":"CAHR","url":"https:\/\/www.cahr-acrv.ca\/","logo":{"@type":"ImageObject","inLanguage":"fr-FR","@id":"https:\/\/www.cahr-acrv.ca\/#\/schema\/logo\/image\/","url":"https:\/\/www.cahr-acrv.ca\/wp-content\/uploads\/2025\/06\/cahr-organization-logo.png","contentUrl":"https:\/\/www.cahr-acrv.ca\/wp-content\/uploads\/2025\/06\/cahr-organization-logo.png","width":696,"height":696,"caption":"Canadian Association for HIV Research"},"image":{"@id":"https:\/\/www.cahr-acrv.ca\/#\/schema\/logo\/image\/"},"sameAs":["https:\/\/www.facebook.com\/CanadianAssociationforHIVResearch","https:\/\/x.com\/CAHR_ACRV","https:\/\/bsky.app\/profile\/cahr-acrv.bsky.social","https:\/\/www.youtube.com\/user\/CAHRACRV","https:\/\/www.instagram.com\/cahr_acrv\/","https:\/\/www.linkedin.com\/company\/canadian-association-for-hiv-research\/"]},{"@type":"Person","@id":"https:\/\/www.cahr-acrv.ca\/#\/schema\/person\/027e76acb03ba9e90c32bc1f76c38572","name":"Jay","image":{"@type":"ImageObject","inLanguage":"fr-FR","@id":"https:\/\/secure.gravatar.com\/avatar\/31e31149ef35ad5e6ce7f3e33c355bf3e20940029cb1d8df97c1180323cd6d6a?s=96&d=mm&r=g","url":"https:\/\/secure.gravatar.com\/avatar\/31e31149ef35ad5e6ce7f3e33c355bf3e20940029cb1d8df97c1180323cd6d6a?s=96&d=mm&r=g","contentUrl":"https:\/\/secure.gravatar.com\/avatar\/31e31149ef35ad5e6ce7f3e33c355bf3e20940029cb1d8df97c1180323cd6d6a?s=96&d=mm&r=g","caption":"Jay"}}]}},"_links":{"self":[{"href":"https:\/\/www.cahr-acrv.ca\/fr\/wp-json\/wp\/v2\/posts\/3421","targetHints":{"allow":["GET"]}}],"collection":[{"href":"https:\/\/www.cahr-acrv.ca\/fr\/wp-json\/wp\/v2\/posts"}],"about":[{"href":"https:\/\/www.cahr-acrv.ca\/fr\/wp-json\/wp\/v2\/types\/post"}],"author":[{"embeddable":true,"href":"https:\/\/www.cahr-acrv.ca\/fr\/wp-json\/wp\/v2\/users\/9"}],"replies":[{"embeddable":true,"href":"https:\/\/www.cahr-acrv.ca\/fr\/wp-json\/wp\/v2\/comments?post=3421"}],"version-history":[{"count":0,"href":"https:\/\/www.cahr-acrv.ca\/fr\/wp-json\/wp\/v2\/posts\/3421\/revisions"}],"wp:attachment":[{"href":"https:\/\/www.cahr-acrv.ca\/fr\/wp-json\/wp\/v2\/media?parent=3421"}],"wp:term":[{"taxonomy":"category","embeddable":true,"href":"https:\/\/www.cahr-acrv.ca\/fr\/wp-json\/wp\/v2\/categories?post=3421"},{"taxonomy":"post_tag","embeddable":true,"href":"https:\/\/www.cahr-acrv.ca\/fr\/wp-json\/wp\/v2\/tags?post=3421"}],"curies":[{"name":"wp","href":"https:\/\/api.w.org\/{rel}","templated":true}]}}