{"id":15528,"date":"2025-05-23T06:48:57","date_gmt":"2025-05-23T10:48:57","guid":{"rendered":"https:\/\/canadianassstg.wpenginepowered.com\/?p=15528"},"modified":"2025-05-23T06:49:46","modified_gmt":"2025-05-23T10:49:46","slug":"appel-de-mises-en-candidatures-representant-des-stagiaires-au-conseil-de-lacrv","status":"publish","type":"post","link":"https:\/\/www.cahr-acrv.ca\/fr\/un-article\/appel-de-mises-en-candidatures-representant-des-stagiaires-au-conseil-de-lacrv\/","title":{"rendered":"Appel de mises en candidatures : Repr\u00e9sentant des stagiaires au Conseil de l\u2019ACRV"},"content":{"rendered":"\n<p>L\u2019ACRV souhaite recevoir des candidatures pour le poste de repr\u00e9sentant des stagiaires \u00e0 son Conseil d\u2019administration pour un mandat d\u2019un an. Cette nomination vise \u00e0 int\u00e9grer le point de vue des stagiaires en recherche sur le VIH dans les initiatives de l\u2019ACRV et \u00e0 d\u00e9terminer la meilleure fa\u00e7on, pour l\u2019Association, de servir au mieux cette collectivit\u00e9 dans ses d\u00e9lib\u00e9rations.<\/p>\n\n\n\n<p>Voici ce que ce poste offre : une exp\u00e9rience concr\u00e8te du leadership, la connaissance de la nature des organismes sans but lucratif, une connaissance affin\u00e9e des r\u00f4les et responsabilit\u00e9s des conseils d\u2019administration, du personnel et des b\u00e9n\u00e9voles, un regard privil\u00e9gi\u00e9 sur le fonctionnement des conseils d\u2019organismes sans but lucratif et une meilleure id\u00e9e des facteurs qui font l\u2019efficacit\u00e9 des conseils d\u2019administration et des administrateurs. La date limite de r\u00e9ception des candidatures est le 27 juin 2025. Pour en savoir plus, consulter la page : <a href=\"https:\/\/www.cahr-acrv.ca\/fr\/a-propos-de-cahr\/representant-des-stagiaires-au-conseil-de-lacrv-appel-a-candidatures\/\">https:\/\/www.cahr-acrv.ca\/fr\/a-propos-de-cahr\/representant-des-stagiaires-au-conseil-de-lacrv-appel-a-candidatures\/<\/a><\/p>\n","protected":false},"excerpt":{"rendered":"<p>L\u2019ACRV souhaite recevoir des candidatures pour le poste de repr\u00e9sentant des stagiaires \u00e0 son Conseil d\u2019administration pour un mandat d\u2019un an. Cette nomination vise \u00e0 int\u00e9grer le point de vue des stagiaires en recherche sur le VIH dans les initiatives de l\u2019ACRV et \u00e0 d\u00e9terminer la meilleure fa\u00e7on, pour l\u2019Association, de servir au mieux cette [&hellip;]<\/p>\n","protected":false},"author":9,"featured_media":0,"comment_status":"closed","ping_status":"closed","sticky":false,"template":"","format":"standard","meta":{"_acf_changed":false,"inline_featured_image":false,"footnotes":""},"categories":[4],"tags":[],"class_list":["post-15528","post","type-post","status-publish","format-standard","hentry","category-un-article"],"acf":[],"yoast_head":"<!-- This site is optimized with the Yoast SEO plugin v27.4 - https:\/\/yoast.com\/product\/yoast-seo-wordpress\/ -->\n<title>Appel de mises en candidatures : Repr\u00e9sentant des stagiaires au Conseil de l\u2019ACRV &#8211; ACRV<\/title>\n<meta name=\"robots\" content=\"index, follow, max-snippet:-1, max-image-preview:large, max-video-preview:-1\" \/>\n<link rel=\"canonical\" href=\"https:\/\/www.cahr-acrv.ca\/fr\/un-article\/appel-de-mises-en-candidatures-representant-des-stagiaires-au-conseil-de-lacrv\/\" \/>\n<meta property=\"og:locale\" content=\"fr_FR\" \/>\n<meta property=\"og:type\" content=\"article\" \/>\n<meta property=\"og:title\" content=\"Appel de mises en candidatures : Repr\u00e9sentant des stagiaires au Conseil de l\u2019ACRV &#8211; ACRV\" \/>\n<meta property=\"og:description\" content=\"L\u2019ACRV souhaite recevoir des candidatures pour le poste de repr\u00e9sentant des stagiaires \u00e0 son Conseil d\u2019administration pour un mandat d\u2019un an. Cette nomination vise \u00e0 int\u00e9grer le point de vue des stagiaires en recherche sur le VIH dans les initiatives de l\u2019ACRV et \u00e0 d\u00e9terminer la meilleure fa\u00e7on, pour l\u2019Association, de servir au mieux cette [&hellip;]\" \/>\n<meta property=\"og:url\" content=\"https:\/\/www.cahr-acrv.ca\/fr\/un-article\/appel-de-mises-en-candidatures-representant-des-stagiaires-au-conseil-de-lacrv\/\" \/>\n<meta property=\"og:site_name\" content=\"ACRV\" \/>\n<meta property=\"article:publisher\" content=\"https:\/\/www.facebook.com\/CanadianAssociationforHIVResearch\" \/>\n<meta property=\"article:published_time\" content=\"2025-05-23T10:48:57+00:00\" \/>\n<meta property=\"article:modified_time\" content=\"2025-05-23T10:49:46+00:00\" \/>\n<meta name=\"author\" content=\"Jay\" \/>\n<meta name=\"twitter:card\" content=\"summary_large_image\" \/>\n<meta name=\"twitter:creator\" content=\"@CAHR_ACRV\" \/>\n<meta name=\"twitter:site\" content=\"@CAHR_ACRV\" \/>\n<meta name=\"twitter:label1\" content=\"\u00c9crit par\" \/>\n\t<meta name=\"twitter:data1\" content=\"Jay\" \/>\n\t<meta name=\"twitter:label2\" content=\"Dur\u00e9e de lecture estim\u00e9e\" \/>\n\t<meta name=\"twitter:data2\" content=\"1 minute\" \/>\n<script type=\"application\/ld+json\" class=\"yoast-schema-graph\">{\"@context\":\"https:\\\/\\\/schema.org\",\"@graph\":[{\"@type\":\"Article\",\"@id\":\"https:\\\/\\\/www.cahr-acrv.ca\\\/fr\\\/un-article\\\/appel-de-mises-en-candidatures-representant-des-stagiaires-au-conseil-de-lacrv\\\/#article\",\"isPartOf\":{\"@id\":\"https:\\\/\\\/www.cahr-acrv.ca\\\/fr\\\/un-article\\\/appel-de-mises-en-candidatures-representant-des-stagiaires-au-conseil-de-lacrv\\\/\"},\"author\":{\"name\":\"Jay\",\"@id\":\"https:\\\/\\\/www.cahr-acrv.ca\\\/#\\\/schema\\\/person\\\/027e76acb03ba9e90c32bc1f76c38572\"},\"headline\":\"Appel de mises en candidatures : Repr\u00e9sentant des stagiaires au Conseil de l\u2019ACRV\",\"datePublished\":\"2025-05-23T10:48:57+00:00\",\"dateModified\":\"2025-05-23T10:49:46+00:00\",\"mainEntityOfPage\":{\"@id\":\"https:\\\/\\\/www.cahr-acrv.ca\\\/fr\\\/un-article\\\/appel-de-mises-en-candidatures-representant-des-stagiaires-au-conseil-de-lacrv\\\/\"},\"wordCount\":182,\"publisher\":{\"@id\":\"https:\\\/\\\/www.cahr-acrv.ca\\\/#organization\"},\"articleSection\":[\"un Article\"],\"inLanguage\":\"fr-FR\"},{\"@type\":\"WebPage\",\"@id\":\"https:\\\/\\\/www.cahr-acrv.ca\\\/fr\\\/un-article\\\/appel-de-mises-en-candidatures-representant-des-stagiaires-au-conseil-de-lacrv\\\/\",\"url\":\"https:\\\/\\\/www.cahr-acrv.ca\\\/fr\\\/un-article\\\/appel-de-mises-en-candidatures-representant-des-stagiaires-au-conseil-de-lacrv\\\/\",\"name\":\"Appel de mises en candidatures : Repr\u00e9sentant des stagiaires au Conseil de l\u2019ACRV &#8211; ACRV\",\"isPartOf\":{\"@id\":\"https:\\\/\\\/www.cahr-acrv.ca\\\/#website\"},\"datePublished\":\"2025-05-23T10:48:57+00:00\",\"dateModified\":\"2025-05-23T10:49:46+00:00\",\"breadcrumb\":{\"@id\":\"https:\\\/\\\/www.cahr-acrv.ca\\\/fr\\\/un-article\\\/appel-de-mises-en-candidatures-representant-des-stagiaires-au-conseil-de-lacrv\\\/#breadcrumb\"},\"inLanguage\":\"fr-FR\",\"potentialAction\":[{\"@type\":\"ReadAction\",\"target\":[\"https:\\\/\\\/www.cahr-acrv.ca\\\/fr\\\/un-article\\\/appel-de-mises-en-candidatures-representant-des-stagiaires-au-conseil-de-lacrv\\\/\"]}]},{\"@type\":\"BreadcrumbList\",\"@id\":\"https:\\\/\\\/www.cahr-acrv.ca\\\/fr\\\/un-article\\\/appel-de-mises-en-candidatures-representant-des-stagiaires-au-conseil-de-lacrv\\\/#breadcrumb\",\"itemListElement\":[{\"@type\":\"ListItem\",\"position\":1,\"name\":\"Accueil\",\"item\":\"https:\\\/\\\/www.cahr-acrv.ca\\\/fr\\\/accueil\\\/\"},{\"@type\":\"ListItem\",\"position\":2,\"name\":\"Appel de mises en candidatures : Repr\u00e9sentant des stagiaires au Conseil de l\u2019ACRV\"}]},{\"@type\":\"WebSite\",\"@id\":\"https:\\\/\\\/www.cahr-acrv.ca\\\/#website\",\"url\":\"https:\\\/\\\/www.cahr-acrv.ca\\\/\",\"name\":\"ACRV\",\"description\":\"L'association canadienne de recherche sur le VIH\",\"publisher\":{\"@id\":\"https:\\\/\\\/www.cahr-acrv.ca\\\/#organization\"},\"potentialAction\":[{\"@type\":\"SearchAction\",\"target\":{\"@type\":\"EntryPoint\",\"urlTemplate\":\"https:\\\/\\\/www.cahr-acrv.ca\\\/?s={search_term_string}\"},\"query-input\":{\"@type\":\"PropertyValueSpecification\",\"valueRequired\":true,\"valueName\":\"search_term_string\"}}],\"inLanguage\":\"fr-FR\"},{\"@type\":\"Organization\",\"@id\":\"https:\\\/\\\/www.cahr-acrv.ca\\\/#organization\",\"name\":\"Canadian Association for HIV Research\",\"alternateName\":\"CAHR\",\"url\":\"https:\\\/\\\/www.cahr-acrv.ca\\\/\",\"logo\":{\"@type\":\"ImageObject\",\"inLanguage\":\"fr-FR\",\"@id\":\"https:\\\/\\\/www.cahr-acrv.ca\\\/#\\\/schema\\\/logo\\\/image\\\/\",\"url\":\"https:\\\/\\\/www.cahr-acrv.ca\\\/wp-content\\\/uploads\\\/2025\\\/06\\\/cahr-organization-logo.png\",\"contentUrl\":\"https:\\\/\\\/www.cahr-acrv.ca\\\/wp-content\\\/uploads\\\/2025\\\/06\\\/cahr-organization-logo.png\",\"width\":696,\"height\":696,\"caption\":\"Canadian Association for HIV Research\"},\"image\":{\"@id\":\"https:\\\/\\\/www.cahr-acrv.ca\\\/#\\\/schema\\\/logo\\\/image\\\/\"},\"sameAs\":[\"https:\\\/\\\/www.facebook.com\\\/CanadianAssociationforHIVResearch\",\"https:\\\/\\\/x.com\\\/CAHR_ACRV\",\"https:\\\/\\\/bsky.app\\\/profile\\\/cahr-acrv.bsky.social\",\"https:\\\/\\\/www.youtube.com\\\/user\\\/CAHRACRV\",\"https:\\\/\\\/www.instagram.com\\\/cahr_acrv\\\/\",\"https:\\\/\\\/www.linkedin.com\\\/company\\\/canadian-association-for-hiv-research\\\/\"]},{\"@type\":\"Person\",\"@id\":\"https:\\\/\\\/www.cahr-acrv.ca\\\/#\\\/schema\\\/person\\\/027e76acb03ba9e90c32bc1f76c38572\",\"name\":\"Jay\",\"image\":{\"@type\":\"ImageObject\",\"inLanguage\":\"fr-FR\",\"@id\":\"https:\\\/\\\/secure.gravatar.com\\\/avatar\\\/31e31149ef35ad5e6ce7f3e33c355bf3e20940029cb1d8df97c1180323cd6d6a?s=96&d=mm&r=g\",\"url\":\"https:\\\/\\\/secure.gravatar.com\\\/avatar\\\/31e31149ef35ad5e6ce7f3e33c355bf3e20940029cb1d8df97c1180323cd6d6a?s=96&d=mm&r=g\",\"contentUrl\":\"https:\\\/\\\/secure.gravatar.com\\\/avatar\\\/31e31149ef35ad5e6ce7f3e33c355bf3e20940029cb1d8df97c1180323cd6d6a?s=96&d=mm&r=g\",\"caption\":\"Jay\"}}]}<\/script>\n<!-- \/ Yoast SEO plugin. -->","yoast_head_json":{"title":"Appel de mises en candidatures : Repr\u00e9sentant des stagiaires au Conseil de l\u2019ACRV &#8211; ACRV","robots":{"index":"index","follow":"follow","max-snippet":"max-snippet:-1","max-image-preview":"max-image-preview:large","max-video-preview":"max-video-preview:-1"},"canonical":"https:\/\/www.cahr-acrv.ca\/fr\/un-article\/appel-de-mises-en-candidatures-representant-des-stagiaires-au-conseil-de-lacrv\/","og_locale":"fr_FR","og_type":"article","og_title":"Appel de mises en candidatures : Repr\u00e9sentant des stagiaires au Conseil de l\u2019ACRV &#8211; ACRV","og_description":"L\u2019ACRV souhaite recevoir des candidatures pour le poste de repr\u00e9sentant des stagiaires \u00e0 son Conseil d\u2019administration pour un mandat d\u2019un an. Cette nomination vise \u00e0 int\u00e9grer le point de vue des stagiaires en recherche sur le VIH dans les initiatives de l\u2019ACRV et \u00e0 d\u00e9terminer la meilleure fa\u00e7on, pour l\u2019Association, de servir au mieux cette [&hellip;]","og_url":"https:\/\/www.cahr-acrv.ca\/fr\/un-article\/appel-de-mises-en-candidatures-representant-des-stagiaires-au-conseil-de-lacrv\/","og_site_name":"ACRV","article_publisher":"https:\/\/www.facebook.com\/CanadianAssociationforHIVResearch","article_published_time":"2025-05-23T10:48:57+00:00","article_modified_time":"2025-05-23T10:49:46+00:00","author":"Jay","twitter_card":"summary_large_image","twitter_creator":"@CAHR_ACRV","twitter_site":"@CAHR_ACRV","twitter_misc":{"\u00c9crit par":"Jay","Dur\u00e9e de lecture estim\u00e9e":"1 minute"},"schema":{"@context":"https:\/\/schema.org","@graph":[{"@type":"Article","@id":"https:\/\/www.cahr-acrv.ca\/fr\/un-article\/appel-de-mises-en-candidatures-representant-des-stagiaires-au-conseil-de-lacrv\/#article","isPartOf":{"@id":"https:\/\/www.cahr-acrv.ca\/fr\/un-article\/appel-de-mises-en-candidatures-representant-des-stagiaires-au-conseil-de-lacrv\/"},"author":{"name":"Jay","@id":"https:\/\/www.cahr-acrv.ca\/#\/schema\/person\/027e76acb03ba9e90c32bc1f76c38572"},"headline":"Appel de mises en candidatures : Repr\u00e9sentant des stagiaires au Conseil de l\u2019ACRV","datePublished":"2025-05-23T10:48:57+00:00","dateModified":"2025-05-23T10:49:46+00:00","mainEntityOfPage":{"@id":"https:\/\/www.cahr-acrv.ca\/fr\/un-article\/appel-de-mises-en-candidatures-representant-des-stagiaires-au-conseil-de-lacrv\/"},"wordCount":182,"publisher":{"@id":"https:\/\/www.cahr-acrv.ca\/#organization"},"articleSection":["un Article"],"inLanguage":"fr-FR"},{"@type":"WebPage","@id":"https:\/\/www.cahr-acrv.ca\/fr\/un-article\/appel-de-mises-en-candidatures-representant-des-stagiaires-au-conseil-de-lacrv\/","url":"https:\/\/www.cahr-acrv.ca\/fr\/un-article\/appel-de-mises-en-candidatures-representant-des-stagiaires-au-conseil-de-lacrv\/","name":"Appel de mises en candidatures : Repr\u00e9sentant des stagiaires au Conseil de l\u2019ACRV &#8211; ACRV","isPartOf":{"@id":"https:\/\/www.cahr-acrv.ca\/#website"},"datePublished":"2025-05-23T10:48:57+00:00","dateModified":"2025-05-23T10:49:46+00:00","breadcrumb":{"@id":"https:\/\/www.cahr-acrv.ca\/fr\/un-article\/appel-de-mises-en-candidatures-representant-des-stagiaires-au-conseil-de-lacrv\/#breadcrumb"},"inLanguage":"fr-FR","potentialAction":[{"@type":"ReadAction","target":["https:\/\/www.cahr-acrv.ca\/fr\/un-article\/appel-de-mises-en-candidatures-representant-des-stagiaires-au-conseil-de-lacrv\/"]}]},{"@type":"BreadcrumbList","@id":"https:\/\/www.cahr-acrv.ca\/fr\/un-article\/appel-de-mises-en-candidatures-representant-des-stagiaires-au-conseil-de-lacrv\/#breadcrumb","itemListElement":[{"@type":"ListItem","position":1,"name":"Accueil","item":"https:\/\/www.cahr-acrv.ca\/fr\/accueil\/"},{"@type":"ListItem","position":2,"name":"Appel de mises en candidatures : Repr\u00e9sentant des stagiaires au Conseil de l\u2019ACRV"}]},{"@type":"WebSite","@id":"https:\/\/www.cahr-acrv.ca\/#website","url":"https:\/\/www.cahr-acrv.ca\/","name":"ACRV","description":"L'association canadienne de recherche sur le VIH","publisher":{"@id":"https:\/\/www.cahr-acrv.ca\/#organization"},"potentialAction":[{"@type":"SearchAction","target":{"@type":"EntryPoint","urlTemplate":"https:\/\/www.cahr-acrv.ca\/?s={search_term_string}"},"query-input":{"@type":"PropertyValueSpecification","valueRequired":true,"valueName":"search_term_string"}}],"inLanguage":"fr-FR"},{"@type":"Organization","@id":"https:\/\/www.cahr-acrv.ca\/#organization","name":"Canadian Association for HIV Research","alternateName":"CAHR","url":"https:\/\/www.cahr-acrv.ca\/","logo":{"@type":"ImageObject","inLanguage":"fr-FR","@id":"https:\/\/www.cahr-acrv.ca\/#\/schema\/logo\/image\/","url":"https:\/\/www.cahr-acrv.ca\/wp-content\/uploads\/2025\/06\/cahr-organization-logo.png","contentUrl":"https:\/\/www.cahr-acrv.ca\/wp-content\/uploads\/2025\/06\/cahr-organization-logo.png","width":696,"height":696,"caption":"Canadian Association for HIV Research"},"image":{"@id":"https:\/\/www.cahr-acrv.ca\/#\/schema\/logo\/image\/"},"sameAs":["https:\/\/www.facebook.com\/CanadianAssociationforHIVResearch","https:\/\/x.com\/CAHR_ACRV","https:\/\/bsky.app\/profile\/cahr-acrv.bsky.social","https:\/\/www.youtube.com\/user\/CAHRACRV","https:\/\/www.instagram.com\/cahr_acrv\/","https:\/\/www.linkedin.com\/company\/canadian-association-for-hiv-research\/"]},{"@type":"Person","@id":"https:\/\/www.cahr-acrv.ca\/#\/schema\/person\/027e76acb03ba9e90c32bc1f76c38572","name":"Jay","image":{"@type":"ImageObject","inLanguage":"fr-FR","@id":"https:\/\/secure.gravatar.com\/avatar\/31e31149ef35ad5e6ce7f3e33c355bf3e20940029cb1d8df97c1180323cd6d6a?s=96&d=mm&r=g","url":"https:\/\/secure.gravatar.com\/avatar\/31e31149ef35ad5e6ce7f3e33c355bf3e20940029cb1d8df97c1180323cd6d6a?s=96&d=mm&r=g","contentUrl":"https:\/\/secure.gravatar.com\/avatar\/31e31149ef35ad5e6ce7f3e33c355bf3e20940029cb1d8df97c1180323cd6d6a?s=96&d=mm&r=g","caption":"Jay"}}]}},"_links":{"self":[{"href":"https:\/\/www.cahr-acrv.ca\/fr\/wp-json\/wp\/v2\/posts\/15528","targetHints":{"allow":["GET"]}}],"collection":[{"href":"https:\/\/www.cahr-acrv.ca\/fr\/wp-json\/wp\/v2\/posts"}],"about":[{"href":"https:\/\/www.cahr-acrv.ca\/fr\/wp-json\/wp\/v2\/types\/post"}],"author":[{"embeddable":true,"href":"https:\/\/www.cahr-acrv.ca\/fr\/wp-json\/wp\/v2\/users\/9"}],"replies":[{"embeddable":true,"href":"https:\/\/www.cahr-acrv.ca\/fr\/wp-json\/wp\/v2\/comments?post=15528"}],"version-history":[{"count":0,"href":"https:\/\/www.cahr-acrv.ca\/fr\/wp-json\/wp\/v2\/posts\/15528\/revisions"}],"wp:attachment":[{"href":"https:\/\/www.cahr-acrv.ca\/fr\/wp-json\/wp\/v2\/media?parent=15528"}],"wp:term":[{"taxonomy":"category","embeddable":true,"href":"https:\/\/www.cahr-acrv.ca\/fr\/wp-json\/wp\/v2\/categories?post=15528"},{"taxonomy":"post_tag","embeddable":true,"href":"https:\/\/www.cahr-acrv.ca\/fr\/wp-json\/wp\/v2\/tags?post=15528"}],"curies":[{"name":"wp","href":"https:\/\/api.w.org\/{rel}","templated":true}]}}