{"id":14095,"date":"2022-11-30T10:10:24","date_gmt":"2022-11-30T15:10:24","guid":{"rendered":"https:\/\/canadianassstg.wpenginepowered.com\/?p=14095"},"modified":"2022-11-30T10:10:54","modified_gmt":"2022-11-30T15:10:54","slug":"message-pour-la-journee-mondiale-du-sida-2022","status":"publish","type":"post","link":"https:\/\/www.cahr-acrv.ca\/fr\/un-article\/message-pour-la-journee-mondiale-du-sida-2022\/","title":{"rendered":"Message pour la Journ\u00e9e mondiale du sida 2022"},"content":{"rendered":"<p>Chaque ann\u00e9e, le 1<sup>er<\/sup> d\u00e9cembre, nous soulignons la Journ\u00e9e mondiale du sida pour sensibiliser nos collectivit\u00e9s et le monde \u00e0 propos du VIH\/sida. En cette journ\u00e9e, nous t\u00e9moignons de notre appui et de notre compassion pour les personnes vivant avec le VIH et soulignons les amis et coll\u00e8gues qui en ont subi les r\u00e9percussions. Nous t\u00e9moignons de notre solidarit\u00e9 avec les millions de personnes que cette pand\u00e9mie nous a enlev\u00e9es. La Journ\u00e9e mondiale du sida rappelle aux membres de l\u2019Association canadienne de recherche sur le VIH (ACRV) l\u2019importance de la recherche et il convient de rappeler le d\u00e9vouement sans faille et les r\u00e9alisations des chercheurs canadiens de toutes les disciplines de recherche sur le VIH et de nos partenaires communautaires.<\/p>\n<p>L\u2019engagement collectif, les d\u00e9couvertes et les progr\u00e8s des chercheurs de l\u2019ensemble du pays ont grandement contribu\u00e9 \u00e0 am\u00e9liorer la vie des personnes vivant avec le VIH, de m\u00eame que la pr\u00e9vention de sa transmission ici au Canada et \u00e0 l\u2019\u00e9chelle mondiale. Malgr\u00e9 les grands progr\u00e8s accomplis, il reste encore beaucoup plus \u00e0 faire. En cette Journ\u00e9e mondiale du sida, l\u2019ACRV demeurer r\u00e9solument engag\u00e9e et pertinente, comptant sur ce qui est devenu la marque distinctive de notre association : un d\u00e9vouement, un enthousiasme et une volont\u00e9 partag\u00e9s \u00e0 travailler ensemble dans le sens de la recherche et de la d\u00e9couverte dans le domaine du VIH au Canada.<\/p>\n<p>Dr Keith Fowke, Universit\u00e9 du Manitoba<br \/>\nPr\u00e9sident de l\u2019ACRV<\/p>\n","protected":false},"excerpt":{"rendered":"<p>Chaque ann\u00e9e, le 1er d\u00e9cembre, nous soulignons la Journ\u00e9e mondiale du sida pour sensibiliser nos collectivit\u00e9s et le monde \u00e0 propos du VIH\/sida. En cette journ\u00e9e, nous t\u00e9moignons de notre appui et de notre compassion pour les personnes vivant avec le VIH et soulignons les amis et coll\u00e8gues qui en ont subi les r\u00e9percussions. Nous [&hellip;]<\/p>\n","protected":false},"author":9,"featured_media":0,"comment_status":"closed","ping_status":"closed","sticky":false,"template":"","format":"standard","meta":{"_acf_changed":false,"inline_featured_image":false,"footnotes":""},"categories":[4],"tags":[],"class_list":["post-14095","post","type-post","status-publish","format-standard","hentry","category-un-article"],"acf":[],"yoast_head":"<!-- This site is optimized with the Yoast SEO plugin v27.4 - https:\/\/yoast.com\/product\/yoast-seo-wordpress\/ -->\n<title>Message pour la Journ\u00e9e mondiale du sida 2022 &#8211; ACRV<\/title>\n<meta name=\"robots\" content=\"index, follow, max-snippet:-1, max-image-preview:large, max-video-preview:-1\" \/>\n<link rel=\"canonical\" href=\"https:\/\/www.cahr-acrv.ca\/fr\/un-article\/message-pour-la-journee-mondiale-du-sida-2022\/\" \/>\n<meta property=\"og:locale\" content=\"fr_FR\" \/>\n<meta property=\"og:type\" content=\"article\" \/>\n<meta property=\"og:title\" content=\"Message pour la Journ\u00e9e mondiale du sida 2022 &#8211; ACRV\" \/>\n<meta property=\"og:description\" content=\"Chaque ann\u00e9e, le 1er d\u00e9cembre, nous soulignons la Journ\u00e9e mondiale du sida pour sensibiliser nos collectivit\u00e9s et le monde \u00e0 propos du VIH\/sida. En cette journ\u00e9e, nous t\u00e9moignons de notre appui et de notre compassion pour les personnes vivant avec le VIH et soulignons les amis et coll\u00e8gues qui en ont subi les r\u00e9percussions. Nous [&hellip;]\" \/>\n<meta property=\"og:url\" content=\"https:\/\/www.cahr-acrv.ca\/fr\/un-article\/message-pour-la-journee-mondiale-du-sida-2022\/\" \/>\n<meta property=\"og:site_name\" content=\"ACRV\" \/>\n<meta property=\"article:publisher\" content=\"https:\/\/www.facebook.com\/CanadianAssociationforHIVResearch\" \/>\n<meta property=\"article:published_time\" content=\"2022-11-30T15:10:24+00:00\" \/>\n<meta property=\"article:modified_time\" content=\"2022-11-30T15:10:54+00:00\" \/>\n<meta name=\"author\" content=\"Jay\" \/>\n<meta name=\"twitter:card\" content=\"summary_large_image\" \/>\n<meta name=\"twitter:creator\" content=\"@CAHR_ACRV\" \/>\n<meta name=\"twitter:site\" content=\"@CAHR_ACRV\" \/>\n<meta name=\"twitter:label1\" content=\"\u00c9crit par\" \/>\n\t<meta name=\"twitter:data1\" content=\"Jay\" \/>\n\t<meta name=\"twitter:label2\" content=\"Dur\u00e9e de lecture estim\u00e9e\" \/>\n\t<meta name=\"twitter:data2\" content=\"2 minutes\" \/>\n<script type=\"application\/ld+json\" class=\"yoast-schema-graph\">{\"@context\":\"https:\\\/\\\/schema.org\",\"@graph\":[{\"@type\":\"Article\",\"@id\":\"https:\\\/\\\/www.cahr-acrv.ca\\\/fr\\\/un-article\\\/message-pour-la-journee-mondiale-du-sida-2022\\\/#article\",\"isPartOf\":{\"@id\":\"https:\\\/\\\/www.cahr-acrv.ca\\\/fr\\\/un-article\\\/message-pour-la-journee-mondiale-du-sida-2022\\\/\"},\"author\":{\"name\":\"Jay\",\"@id\":\"https:\\\/\\\/www.cahr-acrv.ca\\\/#\\\/schema\\\/person\\\/027e76acb03ba9e90c32bc1f76c38572\"},\"headline\":\"Message pour la Journ\u00e9e mondiale du sida 2022\",\"datePublished\":\"2022-11-30T15:10:24+00:00\",\"dateModified\":\"2022-11-30T15:10:54+00:00\",\"mainEntityOfPage\":{\"@id\":\"https:\\\/\\\/www.cahr-acrv.ca\\\/fr\\\/un-article\\\/message-pour-la-journee-mondiale-du-sida-2022\\\/\"},\"wordCount\":272,\"publisher\":{\"@id\":\"https:\\\/\\\/www.cahr-acrv.ca\\\/#organization\"},\"articleSection\":[\"un Article\"],\"inLanguage\":\"fr-FR\"},{\"@type\":\"WebPage\",\"@id\":\"https:\\\/\\\/www.cahr-acrv.ca\\\/fr\\\/un-article\\\/message-pour-la-journee-mondiale-du-sida-2022\\\/\",\"url\":\"https:\\\/\\\/www.cahr-acrv.ca\\\/fr\\\/un-article\\\/message-pour-la-journee-mondiale-du-sida-2022\\\/\",\"name\":\"Message pour la Journ\u00e9e mondiale du sida 2022 &#8211; ACRV\",\"isPartOf\":{\"@id\":\"https:\\\/\\\/www.cahr-acrv.ca\\\/#website\"},\"datePublished\":\"2022-11-30T15:10:24+00:00\",\"dateModified\":\"2022-11-30T15:10:54+00:00\",\"breadcrumb\":{\"@id\":\"https:\\\/\\\/www.cahr-acrv.ca\\\/fr\\\/un-article\\\/message-pour-la-journee-mondiale-du-sida-2022\\\/#breadcrumb\"},\"inLanguage\":\"fr-FR\",\"potentialAction\":[{\"@type\":\"ReadAction\",\"target\":[\"https:\\\/\\\/www.cahr-acrv.ca\\\/fr\\\/un-article\\\/message-pour-la-journee-mondiale-du-sida-2022\\\/\"]}]},{\"@type\":\"BreadcrumbList\",\"@id\":\"https:\\\/\\\/www.cahr-acrv.ca\\\/fr\\\/un-article\\\/message-pour-la-journee-mondiale-du-sida-2022\\\/#breadcrumb\",\"itemListElement\":[{\"@type\":\"ListItem\",\"position\":1,\"name\":\"Accueil\",\"item\":\"https:\\\/\\\/www.cahr-acrv.ca\\\/fr\\\/accueil\\\/\"},{\"@type\":\"ListItem\",\"position\":2,\"name\":\"Message pour la Journ\u00e9e mondiale du sida 2022\"}]},{\"@type\":\"WebSite\",\"@id\":\"https:\\\/\\\/www.cahr-acrv.ca\\\/#website\",\"url\":\"https:\\\/\\\/www.cahr-acrv.ca\\\/\",\"name\":\"ACRV\",\"description\":\"L'association canadienne de recherche sur le VIH\",\"publisher\":{\"@id\":\"https:\\\/\\\/www.cahr-acrv.ca\\\/#organization\"},\"potentialAction\":[{\"@type\":\"SearchAction\",\"target\":{\"@type\":\"EntryPoint\",\"urlTemplate\":\"https:\\\/\\\/www.cahr-acrv.ca\\\/?s={search_term_string}\"},\"query-input\":{\"@type\":\"PropertyValueSpecification\",\"valueRequired\":true,\"valueName\":\"search_term_string\"}}],\"inLanguage\":\"fr-FR\"},{\"@type\":\"Organization\",\"@id\":\"https:\\\/\\\/www.cahr-acrv.ca\\\/#organization\",\"name\":\"Canadian Association for HIV Research\",\"alternateName\":\"CAHR\",\"url\":\"https:\\\/\\\/www.cahr-acrv.ca\\\/\",\"logo\":{\"@type\":\"ImageObject\",\"inLanguage\":\"fr-FR\",\"@id\":\"https:\\\/\\\/www.cahr-acrv.ca\\\/#\\\/schema\\\/logo\\\/image\\\/\",\"url\":\"https:\\\/\\\/www.cahr-acrv.ca\\\/wp-content\\\/uploads\\\/2025\\\/06\\\/cahr-organization-logo.png\",\"contentUrl\":\"https:\\\/\\\/www.cahr-acrv.ca\\\/wp-content\\\/uploads\\\/2025\\\/06\\\/cahr-organization-logo.png\",\"width\":696,\"height\":696,\"caption\":\"Canadian Association for HIV Research\"},\"image\":{\"@id\":\"https:\\\/\\\/www.cahr-acrv.ca\\\/#\\\/schema\\\/logo\\\/image\\\/\"},\"sameAs\":[\"https:\\\/\\\/www.facebook.com\\\/CanadianAssociationforHIVResearch\",\"https:\\\/\\\/x.com\\\/CAHR_ACRV\",\"https:\\\/\\\/bsky.app\\\/profile\\\/cahr-acrv.bsky.social\",\"https:\\\/\\\/www.youtube.com\\\/user\\\/CAHRACRV\",\"https:\\\/\\\/www.instagram.com\\\/cahr_acrv\\\/\",\"https:\\\/\\\/www.linkedin.com\\\/company\\\/canadian-association-for-hiv-research\\\/\"]},{\"@type\":\"Person\",\"@id\":\"https:\\\/\\\/www.cahr-acrv.ca\\\/#\\\/schema\\\/person\\\/027e76acb03ba9e90c32bc1f76c38572\",\"name\":\"Jay\",\"image\":{\"@type\":\"ImageObject\",\"inLanguage\":\"fr-FR\",\"@id\":\"https:\\\/\\\/secure.gravatar.com\\\/avatar\\\/31e31149ef35ad5e6ce7f3e33c355bf3e20940029cb1d8df97c1180323cd6d6a?s=96&d=mm&r=g\",\"url\":\"https:\\\/\\\/secure.gravatar.com\\\/avatar\\\/31e31149ef35ad5e6ce7f3e33c355bf3e20940029cb1d8df97c1180323cd6d6a?s=96&d=mm&r=g\",\"contentUrl\":\"https:\\\/\\\/secure.gravatar.com\\\/avatar\\\/31e31149ef35ad5e6ce7f3e33c355bf3e20940029cb1d8df97c1180323cd6d6a?s=96&d=mm&r=g\",\"caption\":\"Jay\"}}]}<\/script>\n<!-- \/ Yoast SEO plugin. -->","yoast_head_json":{"title":"Message pour la Journ\u00e9e mondiale du sida 2022 &#8211; ACRV","robots":{"index":"index","follow":"follow","max-snippet":"max-snippet:-1","max-image-preview":"max-image-preview:large","max-video-preview":"max-video-preview:-1"},"canonical":"https:\/\/www.cahr-acrv.ca\/fr\/un-article\/message-pour-la-journee-mondiale-du-sida-2022\/","og_locale":"fr_FR","og_type":"article","og_title":"Message pour la Journ\u00e9e mondiale du sida 2022 &#8211; ACRV","og_description":"Chaque ann\u00e9e, le 1er d\u00e9cembre, nous soulignons la Journ\u00e9e mondiale du sida pour sensibiliser nos collectivit\u00e9s et le monde \u00e0 propos du VIH\/sida. En cette journ\u00e9e, nous t\u00e9moignons de notre appui et de notre compassion pour les personnes vivant avec le VIH et soulignons les amis et coll\u00e8gues qui en ont subi les r\u00e9percussions. Nous [&hellip;]","og_url":"https:\/\/www.cahr-acrv.ca\/fr\/un-article\/message-pour-la-journee-mondiale-du-sida-2022\/","og_site_name":"ACRV","article_publisher":"https:\/\/www.facebook.com\/CanadianAssociationforHIVResearch","article_published_time":"2022-11-30T15:10:24+00:00","article_modified_time":"2022-11-30T15:10:54+00:00","author":"Jay","twitter_card":"summary_large_image","twitter_creator":"@CAHR_ACRV","twitter_site":"@CAHR_ACRV","twitter_misc":{"\u00c9crit par":"Jay","Dur\u00e9e de lecture estim\u00e9e":"2 minutes"},"schema":{"@context":"https:\/\/schema.org","@graph":[{"@type":"Article","@id":"https:\/\/www.cahr-acrv.ca\/fr\/un-article\/message-pour-la-journee-mondiale-du-sida-2022\/#article","isPartOf":{"@id":"https:\/\/www.cahr-acrv.ca\/fr\/un-article\/message-pour-la-journee-mondiale-du-sida-2022\/"},"author":{"name":"Jay","@id":"https:\/\/www.cahr-acrv.ca\/#\/schema\/person\/027e76acb03ba9e90c32bc1f76c38572"},"headline":"Message pour la Journ\u00e9e mondiale du sida 2022","datePublished":"2022-11-30T15:10:24+00:00","dateModified":"2022-11-30T15:10:54+00:00","mainEntityOfPage":{"@id":"https:\/\/www.cahr-acrv.ca\/fr\/un-article\/message-pour-la-journee-mondiale-du-sida-2022\/"},"wordCount":272,"publisher":{"@id":"https:\/\/www.cahr-acrv.ca\/#organization"},"articleSection":["un Article"],"inLanguage":"fr-FR"},{"@type":"WebPage","@id":"https:\/\/www.cahr-acrv.ca\/fr\/un-article\/message-pour-la-journee-mondiale-du-sida-2022\/","url":"https:\/\/www.cahr-acrv.ca\/fr\/un-article\/message-pour-la-journee-mondiale-du-sida-2022\/","name":"Message pour la Journ\u00e9e mondiale du sida 2022 &#8211; ACRV","isPartOf":{"@id":"https:\/\/www.cahr-acrv.ca\/#website"},"datePublished":"2022-11-30T15:10:24+00:00","dateModified":"2022-11-30T15:10:54+00:00","breadcrumb":{"@id":"https:\/\/www.cahr-acrv.ca\/fr\/un-article\/message-pour-la-journee-mondiale-du-sida-2022\/#breadcrumb"},"inLanguage":"fr-FR","potentialAction":[{"@type":"ReadAction","target":["https:\/\/www.cahr-acrv.ca\/fr\/un-article\/message-pour-la-journee-mondiale-du-sida-2022\/"]}]},{"@type":"BreadcrumbList","@id":"https:\/\/www.cahr-acrv.ca\/fr\/un-article\/message-pour-la-journee-mondiale-du-sida-2022\/#breadcrumb","itemListElement":[{"@type":"ListItem","position":1,"name":"Accueil","item":"https:\/\/www.cahr-acrv.ca\/fr\/accueil\/"},{"@type":"ListItem","position":2,"name":"Message pour la Journ\u00e9e mondiale du sida 2022"}]},{"@type":"WebSite","@id":"https:\/\/www.cahr-acrv.ca\/#website","url":"https:\/\/www.cahr-acrv.ca\/","name":"ACRV","description":"L'association canadienne de recherche sur le VIH","publisher":{"@id":"https:\/\/www.cahr-acrv.ca\/#organization"},"potentialAction":[{"@type":"SearchAction","target":{"@type":"EntryPoint","urlTemplate":"https:\/\/www.cahr-acrv.ca\/?s={search_term_string}"},"query-input":{"@type":"PropertyValueSpecification","valueRequired":true,"valueName":"search_term_string"}}],"inLanguage":"fr-FR"},{"@type":"Organization","@id":"https:\/\/www.cahr-acrv.ca\/#organization","name":"Canadian Association for HIV Research","alternateName":"CAHR","url":"https:\/\/www.cahr-acrv.ca\/","logo":{"@type":"ImageObject","inLanguage":"fr-FR","@id":"https:\/\/www.cahr-acrv.ca\/#\/schema\/logo\/image\/","url":"https:\/\/www.cahr-acrv.ca\/wp-content\/uploads\/2025\/06\/cahr-organization-logo.png","contentUrl":"https:\/\/www.cahr-acrv.ca\/wp-content\/uploads\/2025\/06\/cahr-organization-logo.png","width":696,"height":696,"caption":"Canadian Association for HIV Research"},"image":{"@id":"https:\/\/www.cahr-acrv.ca\/#\/schema\/logo\/image\/"},"sameAs":["https:\/\/www.facebook.com\/CanadianAssociationforHIVResearch","https:\/\/x.com\/CAHR_ACRV","https:\/\/bsky.app\/profile\/cahr-acrv.bsky.social","https:\/\/www.youtube.com\/user\/CAHRACRV","https:\/\/www.instagram.com\/cahr_acrv\/","https:\/\/www.linkedin.com\/company\/canadian-association-for-hiv-research\/"]},{"@type":"Person","@id":"https:\/\/www.cahr-acrv.ca\/#\/schema\/person\/027e76acb03ba9e90c32bc1f76c38572","name":"Jay","image":{"@type":"ImageObject","inLanguage":"fr-FR","@id":"https:\/\/secure.gravatar.com\/avatar\/31e31149ef35ad5e6ce7f3e33c355bf3e20940029cb1d8df97c1180323cd6d6a?s=96&d=mm&r=g","url":"https:\/\/secure.gravatar.com\/avatar\/31e31149ef35ad5e6ce7f3e33c355bf3e20940029cb1d8df97c1180323cd6d6a?s=96&d=mm&r=g","contentUrl":"https:\/\/secure.gravatar.com\/avatar\/31e31149ef35ad5e6ce7f3e33c355bf3e20940029cb1d8df97c1180323cd6d6a?s=96&d=mm&r=g","caption":"Jay"}}]}},"_links":{"self":[{"href":"https:\/\/www.cahr-acrv.ca\/fr\/wp-json\/wp\/v2\/posts\/14095","targetHints":{"allow":["GET"]}}],"collection":[{"href":"https:\/\/www.cahr-acrv.ca\/fr\/wp-json\/wp\/v2\/posts"}],"about":[{"href":"https:\/\/www.cahr-acrv.ca\/fr\/wp-json\/wp\/v2\/types\/post"}],"author":[{"embeddable":true,"href":"https:\/\/www.cahr-acrv.ca\/fr\/wp-json\/wp\/v2\/users\/9"}],"replies":[{"embeddable":true,"href":"https:\/\/www.cahr-acrv.ca\/fr\/wp-json\/wp\/v2\/comments?post=14095"}],"version-history":[{"count":0,"href":"https:\/\/www.cahr-acrv.ca\/fr\/wp-json\/wp\/v2\/posts\/14095\/revisions"}],"wp:attachment":[{"href":"https:\/\/www.cahr-acrv.ca\/fr\/wp-json\/wp\/v2\/media?parent=14095"}],"wp:term":[{"taxonomy":"category","embeddable":true,"href":"https:\/\/www.cahr-acrv.ca\/fr\/wp-json\/wp\/v2\/categories?post=14095"},{"taxonomy":"post_tag","embeddable":true,"href":"https:\/\/www.cahr-acrv.ca\/fr\/wp-json\/wp\/v2\/tags?post=14095"}],"curies":[{"name":"wp","href":"https:\/\/api.w.org\/{rel}","templated":true}]}}