{"id":13333,"date":"2021-04-29T13:56:28","date_gmt":"2021-04-29T17:56:28","guid":{"rendered":"https:\/\/cahr.wpengine.com\/?p=13333"},"modified":"2021-04-29T14:00:42","modified_gmt":"2021-04-29T18:00:42","slug":"conference-dr-mark-wainberg-dr-anthony-fauci","status":"publish","type":"post","link":"https:\/\/www.cahr-acrv.ca\/fr\/un-article\/conference-dr-mark-wainberg-dr-anthony-fauci\/","title":{"rendered":"Conf\u00e9rence Dr Mark Wainberg &#8211; Dr Anthony Fauci"},"content":{"rendered":"<p>Soyez des n\u00f4tres le mercredi 5 mai, \u00e0 l\u2019inauguration de l\u2019<a href=\"http:\/\/r20.rs6.net\/tn.jsp?f=001ITDdgBZCBdZvIqbyWS2KBxpvqlJbyen_yY5DBBFBsganVCrp9ZUJOQyihpoKsnZZjm6c-wzXgzGN7B_kigw0hT8e2goqMJBzrrMYjKHBLoYPZ2Kbr0YGbgzt2hQ5M3pvpesnMF1O886mhhCEkVlhJLUCXdusDS3hfwfoykgJWFo=&amp;c=KQzfFBY6Z87KkpAtijTMKWFLkSxaFFANgfk6-9OM6WoH_h-LJ_202Q==&amp;ch=4XOz4CskbhLJ9nTjW5zHSEQstbs1oBOROtjM29GnTJdsipVK4p6XLw==&amp;jrc=1\" target=\"_blank\" rel=\"noopener noreferrer\">ACRV 2021 virtuel<\/a> par la Conf\u00e9rence Mark Wainberg qui sera prononc\u00e9e par le Dr Anthony Fauci, Directeur du National Institute of Allergy and Infectious Diseases.<\/p>\n<p>Nous pouvons tirer diverses le\u00e7ons de ces pand\u00e9mies simultan\u00e9es, \u00e0 savoir le VIH et la COVID-19. La mise au point d\u2019un vaccin s\u00fbr et efficace contre le VIH demeure l\u2019un des grands d\u00e9fis des scientifiques, mais les progr\u00e8s en vaccinologie du VIH ont trac\u00e9 la voie \u00e0 la mise au point de vaccins contre le SRAS-CoV-2. De m\u00eame, les essais cliniques de vaccins contre le SRAS-CoV-2 ont puis\u00e9 aux le\u00e7ons et \u00e0 l\u2019expertise des r\u00e9seaux d\u2019exp\u00e9rience et d\u2019essais cliniques sur le VIH. Malheureusement, la n\u00e9gation de la r\u00e9alit\u00e9 du VIH\/sida, comme celle de la COVID-19, pose un d\u00e9fi de taille dans la lutte contre les deux pand\u00e9mies. <a href=\"http:\/\/r20.rs6.net\/tn.jsp?f=001ITDdgBZCBdZvIqbyWS2KBxpvqlJbyen_yY5DBBFBsganVCrp9ZUJOaaZZ7WF2RBY7-AOB7WzTlkht4wjVYUorkBMMQKNCXt-b5JVvEwpWEbM_npp4QnD8nvV367M1nT6cZjMiRSpfPCRMSr_ewM4p5Pwz1a4Wimy5f-SimNTQjA9XMX70pBEipS3RaVCQaVI-yMzkEUsM3e0pHV5Td_Sg_DScn2bKRunBSiYwXLpr6kXJMSUqIz-wIq7jAP27j4yxaMp9xF_Ewxxyvp3TjHR1fxOrQhKpkWggxhtqdNvTFzaENXCSzXjOqvCwHcpQDl6&amp;c=KQzfFBY6Z87KkpAtijTMKWFLkSxaFFANgfk6-9OM6WoH_h-LJ_202Q==&amp;ch=4XOz4CskbhLJ9nTjW5zHSEQstbs1oBOROtjM29GnTJdsipVK4p6XLw==&amp;jrc=1\" target=\"_blank\" rel=\"noopener noreferrer\">Lire la suite.<\/a><\/p>\n","protected":false},"excerpt":{"rendered":"<p>Soyez des n\u00f4tres le mercredi 5 mai, \u00e0 l\u2019inauguration de l\u2019ACRV 2021 virtuel par la Conf\u00e9rence Mark Wainberg qui sera prononc\u00e9e par le Dr Anthony Fauci, Directeur du National Institute of Allergy and Infectious Diseases. Nous pouvons tirer diverses le\u00e7ons de ces pand\u00e9mies simultan\u00e9es, \u00e0 savoir le VIH et la COVID-19. La mise au point [&hellip;]<\/p>\n","protected":false},"author":9,"featured_media":0,"comment_status":"closed","ping_status":"closed","sticky":false,"template":"","format":"standard","meta":{"_acf_changed":false,"inline_featured_image":false,"footnotes":""},"categories":[4],"tags":[],"class_list":["post-13333","post","type-post","status-publish","format-standard","hentry","category-un-article"],"acf":[],"yoast_head":"<!-- This site is optimized with the Yoast SEO plugin v27.4 - https:\/\/yoast.com\/product\/yoast-seo-wordpress\/ -->\n<title>Conf\u00e9rence Dr Mark Wainberg - Dr Anthony Fauci &#8211; ACRV<\/title>\n<meta name=\"robots\" content=\"index, follow, max-snippet:-1, max-image-preview:large, max-video-preview:-1\" \/>\n<link rel=\"canonical\" href=\"https:\/\/www.cahr-acrv.ca\/fr\/un-article\/conference-dr-mark-wainberg-dr-anthony-fauci\/\" \/>\n<meta property=\"og:locale\" content=\"fr_FR\" \/>\n<meta property=\"og:type\" content=\"article\" \/>\n<meta property=\"og:title\" content=\"Conf\u00e9rence Dr Mark Wainberg - Dr Anthony Fauci &#8211; ACRV\" \/>\n<meta property=\"og:description\" content=\"Soyez des n\u00f4tres le mercredi 5 mai, \u00e0 l\u2019inauguration de l\u2019ACRV 2021 virtuel par la Conf\u00e9rence Mark Wainberg qui sera prononc\u00e9e par le Dr Anthony Fauci, Directeur du National Institute of Allergy and Infectious Diseases. Nous pouvons tirer diverses le\u00e7ons de ces pand\u00e9mies simultan\u00e9es, \u00e0 savoir le VIH et la COVID-19. La mise au point [&hellip;]\" \/>\n<meta property=\"og:url\" content=\"https:\/\/www.cahr-acrv.ca\/fr\/un-article\/conference-dr-mark-wainberg-dr-anthony-fauci\/\" \/>\n<meta property=\"og:site_name\" content=\"ACRV\" \/>\n<meta property=\"article:publisher\" content=\"https:\/\/www.facebook.com\/CanadianAssociationforHIVResearch\" \/>\n<meta property=\"article:published_time\" content=\"2021-04-29T17:56:28+00:00\" \/>\n<meta property=\"article:modified_time\" content=\"2021-04-29T18:00:42+00:00\" \/>\n<meta name=\"author\" content=\"Jay\" \/>\n<meta name=\"twitter:card\" content=\"summary_large_image\" \/>\n<meta name=\"twitter:creator\" content=\"@CAHR_ACRV\" \/>\n<meta name=\"twitter:site\" content=\"@CAHR_ACRV\" \/>\n<meta name=\"twitter:label1\" content=\"\u00c9crit par\" \/>\n\t<meta name=\"twitter:data1\" content=\"Jay\" \/>\n\t<meta name=\"twitter:label2\" content=\"Dur\u00e9e de lecture estim\u00e9e\" \/>\n\t<meta name=\"twitter:data2\" content=\"1 minute\" \/>\n<script type=\"application\/ld+json\" class=\"yoast-schema-graph\">{\"@context\":\"https:\\\/\\\/schema.org\",\"@graph\":[{\"@type\":\"Article\",\"@id\":\"https:\\\/\\\/www.cahr-acrv.ca\\\/fr\\\/un-article\\\/conference-dr-mark-wainberg-dr-anthony-fauci\\\/#article\",\"isPartOf\":{\"@id\":\"https:\\\/\\\/www.cahr-acrv.ca\\\/fr\\\/un-article\\\/conference-dr-mark-wainberg-dr-anthony-fauci\\\/\"},\"author\":{\"name\":\"Jay\",\"@id\":\"https:\\\/\\\/www.cahr-acrv.ca\\\/#\\\/schema\\\/person\\\/027e76acb03ba9e90c32bc1f76c38572\"},\"headline\":\"Conf\u00e9rence Dr Mark Wainberg &#8211; Dr Anthony Fauci\",\"datePublished\":\"2021-04-29T17:56:28+00:00\",\"dateModified\":\"2021-04-29T18:00:42+00:00\",\"mainEntityOfPage\":{\"@id\":\"https:\\\/\\\/www.cahr-acrv.ca\\\/fr\\\/un-article\\\/conference-dr-mark-wainberg-dr-anthony-fauci\\\/\"},\"wordCount\":173,\"publisher\":{\"@id\":\"https:\\\/\\\/www.cahr-acrv.ca\\\/#organization\"},\"articleSection\":[\"un Article\"],\"inLanguage\":\"fr-FR\"},{\"@type\":\"WebPage\",\"@id\":\"https:\\\/\\\/www.cahr-acrv.ca\\\/fr\\\/un-article\\\/conference-dr-mark-wainberg-dr-anthony-fauci\\\/\",\"url\":\"https:\\\/\\\/www.cahr-acrv.ca\\\/fr\\\/un-article\\\/conference-dr-mark-wainberg-dr-anthony-fauci\\\/\",\"name\":\"Conf\u00e9rence Dr Mark Wainberg - Dr Anthony Fauci &#8211; ACRV\",\"isPartOf\":{\"@id\":\"https:\\\/\\\/www.cahr-acrv.ca\\\/#website\"},\"datePublished\":\"2021-04-29T17:56:28+00:00\",\"dateModified\":\"2021-04-29T18:00:42+00:00\",\"breadcrumb\":{\"@id\":\"https:\\\/\\\/www.cahr-acrv.ca\\\/fr\\\/un-article\\\/conference-dr-mark-wainberg-dr-anthony-fauci\\\/#breadcrumb\"},\"inLanguage\":\"fr-FR\",\"potentialAction\":[{\"@type\":\"ReadAction\",\"target\":[\"https:\\\/\\\/www.cahr-acrv.ca\\\/fr\\\/un-article\\\/conference-dr-mark-wainberg-dr-anthony-fauci\\\/\"]}]},{\"@type\":\"BreadcrumbList\",\"@id\":\"https:\\\/\\\/www.cahr-acrv.ca\\\/fr\\\/un-article\\\/conference-dr-mark-wainberg-dr-anthony-fauci\\\/#breadcrumb\",\"itemListElement\":[{\"@type\":\"ListItem\",\"position\":1,\"name\":\"Accueil\",\"item\":\"https:\\\/\\\/www.cahr-acrv.ca\\\/fr\\\/accueil\\\/\"},{\"@type\":\"ListItem\",\"position\":2,\"name\":\"Conf\u00e9rence Dr Mark Wainberg &#8211; Dr Anthony Fauci\"}]},{\"@type\":\"WebSite\",\"@id\":\"https:\\\/\\\/www.cahr-acrv.ca\\\/#website\",\"url\":\"https:\\\/\\\/www.cahr-acrv.ca\\\/\",\"name\":\"ACRV\",\"description\":\"L'association canadienne de recherche sur le VIH\",\"publisher\":{\"@id\":\"https:\\\/\\\/www.cahr-acrv.ca\\\/#organization\"},\"potentialAction\":[{\"@type\":\"SearchAction\",\"target\":{\"@type\":\"EntryPoint\",\"urlTemplate\":\"https:\\\/\\\/www.cahr-acrv.ca\\\/?s={search_term_string}\"},\"query-input\":{\"@type\":\"PropertyValueSpecification\",\"valueRequired\":true,\"valueName\":\"search_term_string\"}}],\"inLanguage\":\"fr-FR\"},{\"@type\":\"Organization\",\"@id\":\"https:\\\/\\\/www.cahr-acrv.ca\\\/#organization\",\"name\":\"Canadian Association for HIV Research\",\"alternateName\":\"CAHR\",\"url\":\"https:\\\/\\\/www.cahr-acrv.ca\\\/\",\"logo\":{\"@type\":\"ImageObject\",\"inLanguage\":\"fr-FR\",\"@id\":\"https:\\\/\\\/www.cahr-acrv.ca\\\/#\\\/schema\\\/logo\\\/image\\\/\",\"url\":\"https:\\\/\\\/www.cahr-acrv.ca\\\/wp-content\\\/uploads\\\/2025\\\/06\\\/cahr-organization-logo.png\",\"contentUrl\":\"https:\\\/\\\/www.cahr-acrv.ca\\\/wp-content\\\/uploads\\\/2025\\\/06\\\/cahr-organization-logo.png\",\"width\":696,\"height\":696,\"caption\":\"Canadian Association for HIV Research\"},\"image\":{\"@id\":\"https:\\\/\\\/www.cahr-acrv.ca\\\/#\\\/schema\\\/logo\\\/image\\\/\"},\"sameAs\":[\"https:\\\/\\\/www.facebook.com\\\/CanadianAssociationforHIVResearch\",\"https:\\\/\\\/x.com\\\/CAHR_ACRV\",\"https:\\\/\\\/bsky.app\\\/profile\\\/cahr-acrv.bsky.social\",\"https:\\\/\\\/www.youtube.com\\\/user\\\/CAHRACRV\",\"https:\\\/\\\/www.instagram.com\\\/cahr_acrv\\\/\",\"https:\\\/\\\/www.linkedin.com\\\/company\\\/canadian-association-for-hiv-research\\\/\"]},{\"@type\":\"Person\",\"@id\":\"https:\\\/\\\/www.cahr-acrv.ca\\\/#\\\/schema\\\/person\\\/027e76acb03ba9e90c32bc1f76c38572\",\"name\":\"Jay\",\"image\":{\"@type\":\"ImageObject\",\"inLanguage\":\"fr-FR\",\"@id\":\"https:\\\/\\\/secure.gravatar.com\\\/avatar\\\/31e31149ef35ad5e6ce7f3e33c355bf3e20940029cb1d8df97c1180323cd6d6a?s=96&d=mm&r=g\",\"url\":\"https:\\\/\\\/secure.gravatar.com\\\/avatar\\\/31e31149ef35ad5e6ce7f3e33c355bf3e20940029cb1d8df97c1180323cd6d6a?s=96&d=mm&r=g\",\"contentUrl\":\"https:\\\/\\\/secure.gravatar.com\\\/avatar\\\/31e31149ef35ad5e6ce7f3e33c355bf3e20940029cb1d8df97c1180323cd6d6a?s=96&d=mm&r=g\",\"caption\":\"Jay\"}}]}<\/script>\n<!-- \/ Yoast SEO plugin. -->","yoast_head_json":{"title":"Conf\u00e9rence Dr Mark Wainberg - Dr Anthony Fauci &#8211; ACRV","robots":{"index":"index","follow":"follow","max-snippet":"max-snippet:-1","max-image-preview":"max-image-preview:large","max-video-preview":"max-video-preview:-1"},"canonical":"https:\/\/www.cahr-acrv.ca\/fr\/un-article\/conference-dr-mark-wainberg-dr-anthony-fauci\/","og_locale":"fr_FR","og_type":"article","og_title":"Conf\u00e9rence Dr Mark Wainberg - Dr Anthony Fauci &#8211; ACRV","og_description":"Soyez des n\u00f4tres le mercredi 5 mai, \u00e0 l\u2019inauguration de l\u2019ACRV 2021 virtuel par la Conf\u00e9rence Mark Wainberg qui sera prononc\u00e9e par le Dr Anthony Fauci, Directeur du National Institute of Allergy and Infectious Diseases. Nous pouvons tirer diverses le\u00e7ons de ces pand\u00e9mies simultan\u00e9es, \u00e0 savoir le VIH et la COVID-19. La mise au point [&hellip;]","og_url":"https:\/\/www.cahr-acrv.ca\/fr\/un-article\/conference-dr-mark-wainberg-dr-anthony-fauci\/","og_site_name":"ACRV","article_publisher":"https:\/\/www.facebook.com\/CanadianAssociationforHIVResearch","article_published_time":"2021-04-29T17:56:28+00:00","article_modified_time":"2021-04-29T18:00:42+00:00","author":"Jay","twitter_card":"summary_large_image","twitter_creator":"@CAHR_ACRV","twitter_site":"@CAHR_ACRV","twitter_misc":{"\u00c9crit par":"Jay","Dur\u00e9e de lecture estim\u00e9e":"1 minute"},"schema":{"@context":"https:\/\/schema.org","@graph":[{"@type":"Article","@id":"https:\/\/www.cahr-acrv.ca\/fr\/un-article\/conference-dr-mark-wainberg-dr-anthony-fauci\/#article","isPartOf":{"@id":"https:\/\/www.cahr-acrv.ca\/fr\/un-article\/conference-dr-mark-wainberg-dr-anthony-fauci\/"},"author":{"name":"Jay","@id":"https:\/\/www.cahr-acrv.ca\/#\/schema\/person\/027e76acb03ba9e90c32bc1f76c38572"},"headline":"Conf\u00e9rence Dr Mark Wainberg &#8211; Dr Anthony Fauci","datePublished":"2021-04-29T17:56:28+00:00","dateModified":"2021-04-29T18:00:42+00:00","mainEntityOfPage":{"@id":"https:\/\/www.cahr-acrv.ca\/fr\/un-article\/conference-dr-mark-wainberg-dr-anthony-fauci\/"},"wordCount":173,"publisher":{"@id":"https:\/\/www.cahr-acrv.ca\/#organization"},"articleSection":["un Article"],"inLanguage":"fr-FR"},{"@type":"WebPage","@id":"https:\/\/www.cahr-acrv.ca\/fr\/un-article\/conference-dr-mark-wainberg-dr-anthony-fauci\/","url":"https:\/\/www.cahr-acrv.ca\/fr\/un-article\/conference-dr-mark-wainberg-dr-anthony-fauci\/","name":"Conf\u00e9rence Dr Mark Wainberg - Dr Anthony Fauci &#8211; ACRV","isPartOf":{"@id":"https:\/\/www.cahr-acrv.ca\/#website"},"datePublished":"2021-04-29T17:56:28+00:00","dateModified":"2021-04-29T18:00:42+00:00","breadcrumb":{"@id":"https:\/\/www.cahr-acrv.ca\/fr\/un-article\/conference-dr-mark-wainberg-dr-anthony-fauci\/#breadcrumb"},"inLanguage":"fr-FR","potentialAction":[{"@type":"ReadAction","target":["https:\/\/www.cahr-acrv.ca\/fr\/un-article\/conference-dr-mark-wainberg-dr-anthony-fauci\/"]}]},{"@type":"BreadcrumbList","@id":"https:\/\/www.cahr-acrv.ca\/fr\/un-article\/conference-dr-mark-wainberg-dr-anthony-fauci\/#breadcrumb","itemListElement":[{"@type":"ListItem","position":1,"name":"Accueil","item":"https:\/\/www.cahr-acrv.ca\/fr\/accueil\/"},{"@type":"ListItem","position":2,"name":"Conf\u00e9rence Dr Mark Wainberg &#8211; Dr Anthony Fauci"}]},{"@type":"WebSite","@id":"https:\/\/www.cahr-acrv.ca\/#website","url":"https:\/\/www.cahr-acrv.ca\/","name":"ACRV","description":"L'association canadienne de recherche sur le VIH","publisher":{"@id":"https:\/\/www.cahr-acrv.ca\/#organization"},"potentialAction":[{"@type":"SearchAction","target":{"@type":"EntryPoint","urlTemplate":"https:\/\/www.cahr-acrv.ca\/?s={search_term_string}"},"query-input":{"@type":"PropertyValueSpecification","valueRequired":true,"valueName":"search_term_string"}}],"inLanguage":"fr-FR"},{"@type":"Organization","@id":"https:\/\/www.cahr-acrv.ca\/#organization","name":"Canadian Association for HIV Research","alternateName":"CAHR","url":"https:\/\/www.cahr-acrv.ca\/","logo":{"@type":"ImageObject","inLanguage":"fr-FR","@id":"https:\/\/www.cahr-acrv.ca\/#\/schema\/logo\/image\/","url":"https:\/\/www.cahr-acrv.ca\/wp-content\/uploads\/2025\/06\/cahr-organization-logo.png","contentUrl":"https:\/\/www.cahr-acrv.ca\/wp-content\/uploads\/2025\/06\/cahr-organization-logo.png","width":696,"height":696,"caption":"Canadian Association for HIV Research"},"image":{"@id":"https:\/\/www.cahr-acrv.ca\/#\/schema\/logo\/image\/"},"sameAs":["https:\/\/www.facebook.com\/CanadianAssociationforHIVResearch","https:\/\/x.com\/CAHR_ACRV","https:\/\/bsky.app\/profile\/cahr-acrv.bsky.social","https:\/\/www.youtube.com\/user\/CAHRACRV","https:\/\/www.instagram.com\/cahr_acrv\/","https:\/\/www.linkedin.com\/company\/canadian-association-for-hiv-research\/"]},{"@type":"Person","@id":"https:\/\/www.cahr-acrv.ca\/#\/schema\/person\/027e76acb03ba9e90c32bc1f76c38572","name":"Jay","image":{"@type":"ImageObject","inLanguage":"fr-FR","@id":"https:\/\/secure.gravatar.com\/avatar\/31e31149ef35ad5e6ce7f3e33c355bf3e20940029cb1d8df97c1180323cd6d6a?s=96&d=mm&r=g","url":"https:\/\/secure.gravatar.com\/avatar\/31e31149ef35ad5e6ce7f3e33c355bf3e20940029cb1d8df97c1180323cd6d6a?s=96&d=mm&r=g","contentUrl":"https:\/\/secure.gravatar.com\/avatar\/31e31149ef35ad5e6ce7f3e33c355bf3e20940029cb1d8df97c1180323cd6d6a?s=96&d=mm&r=g","caption":"Jay"}}]}},"_links":{"self":[{"href":"https:\/\/www.cahr-acrv.ca\/fr\/wp-json\/wp\/v2\/posts\/13333","targetHints":{"allow":["GET"]}}],"collection":[{"href":"https:\/\/www.cahr-acrv.ca\/fr\/wp-json\/wp\/v2\/posts"}],"about":[{"href":"https:\/\/www.cahr-acrv.ca\/fr\/wp-json\/wp\/v2\/types\/post"}],"author":[{"embeddable":true,"href":"https:\/\/www.cahr-acrv.ca\/fr\/wp-json\/wp\/v2\/users\/9"}],"replies":[{"embeddable":true,"href":"https:\/\/www.cahr-acrv.ca\/fr\/wp-json\/wp\/v2\/comments?post=13333"}],"version-history":[{"count":0,"href":"https:\/\/www.cahr-acrv.ca\/fr\/wp-json\/wp\/v2\/posts\/13333\/revisions"}],"wp:attachment":[{"href":"https:\/\/www.cahr-acrv.ca\/fr\/wp-json\/wp\/v2\/media?parent=13333"}],"wp:term":[{"taxonomy":"category","embeddable":true,"href":"https:\/\/www.cahr-acrv.ca\/fr\/wp-json\/wp\/v2\/categories?post=13333"},{"taxonomy":"post_tag","embeddable":true,"href":"https:\/\/www.cahr-acrv.ca\/fr\/wp-json\/wp\/v2\/tags?post=13333"}],"curies":[{"name":"wp","href":"https:\/\/api.w.org\/{rel}","templated":true}]}}