{"id":13172,"date":"2021-02-01T11:40:21","date_gmt":"2021-02-01T16:40:21","guid":{"rendered":"https:\/\/cahr.wpengine.com\/?p=13172"},"modified":"2021-02-01T11:46:41","modified_gmt":"2021-02-01T16:46:41","slug":"appel-de-mises-en-candidatures-conseil-dadministration-de-lacrv","status":"publish","type":"post","link":"https:\/\/www.cahr-acrv.ca\/fr\/un-article\/appel-de-mises-en-candidatures-conseil-dadministration-de-lacrv\/","title":{"rendered":"Appel de mises en candidatures\u00a0: Conseil d\u2019administration de l\u2019ACRV"},"content":{"rendered":"<p>L\u2019Association canadienne de recherche sur le VIH (ACRV) souhaite recevoir des mises en candidature pour l\u2019\u00e9lection g\u00e9n\u00e9rale des nouveaux administrateurs du Conseil, qui serviront un mandat de deux ans \u00e0 compter de mai 2021. L\u2019ACRV souhaite recevoir des candidatures de membres apportant des points de vue de l\u2019ensemble du pays, issus de d\u00e9marches de recherche et d\u2019ant\u00e9c\u00e9dents divers; des personnes capables de r\u00e9fl\u00e9chir au niveau conceptuel, qui poss\u00e8dent une perspective \u00e0 long terme et qui sont ouvertes \u00e0 une diversit\u00e9 d\u2019opinions. La p\u00e9riode de mise en candidature durera environ six semaines, la date limite \u00e9tant le 5\u00a0mars\u00a02021. Pour plus de pr\u00e9cisions, visitez la page\u00a0: <a href=\"https:\/\/www.cahr-acrv.ca\/fr\/a-propos-de-cahr\/appel-candidatures-conseil-dadministration-de-lacrv\/\">https:\/\/www.cahr-acrv.ca\/fr\/a-propos-de-cahr\/appel-candidatures-conseil-dadministration-de-lacrv\/<\/a><\/p>\n","protected":false},"excerpt":{"rendered":"<p>L\u2019Association canadienne de recherche sur le VIH (ACRV) souhaite recevoir des mises en candidature pour l\u2019\u00e9lection g\u00e9n\u00e9rale des nouveaux administrateurs du Conseil, qui serviront un mandat de deux ans \u00e0 compter de mai 2021. L\u2019ACRV souhaite recevoir des candidatures de membres apportant des points de vue de l\u2019ensemble du pays, issus de d\u00e9marches de recherche [&hellip;]<\/p>\n","protected":false},"author":9,"featured_media":0,"comment_status":"closed","ping_status":"closed","sticky":false,"template":"","format":"standard","meta":{"_acf_changed":false,"inline_featured_image":false,"footnotes":""},"categories":[4],"tags":[],"class_list":["post-13172","post","type-post","status-publish","format-standard","hentry","category-un-article"],"acf":[],"yoast_head":"<!-- This site is optimized with the Yoast SEO plugin v27.4 - https:\/\/yoast.com\/product\/yoast-seo-wordpress\/ -->\n<title>Appel de mises en candidatures\u00a0: Conseil d\u2019administration de l\u2019ACRV &#8211; ACRV<\/title>\n<meta name=\"robots\" content=\"index, follow, max-snippet:-1, max-image-preview:large, max-video-preview:-1\" \/>\n<link rel=\"canonical\" href=\"https:\/\/www.cahr-acrv.ca\/fr\/un-article\/appel-de-mises-en-candidatures-conseil-dadministration-de-lacrv\/\" \/>\n<meta property=\"og:locale\" content=\"fr_FR\" \/>\n<meta property=\"og:type\" content=\"article\" \/>\n<meta property=\"og:title\" content=\"Appel de mises en candidatures\u00a0: Conseil d\u2019administration de l\u2019ACRV &#8211; ACRV\" \/>\n<meta property=\"og:description\" content=\"L\u2019Association canadienne de recherche sur le VIH (ACRV) souhaite recevoir des mises en candidature pour l\u2019\u00e9lection g\u00e9n\u00e9rale des nouveaux administrateurs du Conseil, qui serviront un mandat de deux ans \u00e0 compter de mai 2021. L\u2019ACRV souhaite recevoir des candidatures de membres apportant des points de vue de l\u2019ensemble du pays, issus de d\u00e9marches de recherche [&hellip;]\" \/>\n<meta property=\"og:url\" content=\"https:\/\/www.cahr-acrv.ca\/fr\/un-article\/appel-de-mises-en-candidatures-conseil-dadministration-de-lacrv\/\" \/>\n<meta property=\"og:site_name\" content=\"ACRV\" \/>\n<meta property=\"article:publisher\" content=\"https:\/\/www.facebook.com\/CanadianAssociationforHIVResearch\" \/>\n<meta property=\"article:published_time\" content=\"2021-02-01T16:40:21+00:00\" \/>\n<meta property=\"article:modified_time\" content=\"2021-02-01T16:46:41+00:00\" \/>\n<meta name=\"author\" content=\"Jay\" \/>\n<meta name=\"twitter:card\" content=\"summary_large_image\" \/>\n<meta name=\"twitter:creator\" content=\"@CAHR_ACRV\" \/>\n<meta name=\"twitter:site\" content=\"@CAHR_ACRV\" \/>\n<meta name=\"twitter:label1\" content=\"\u00c9crit par\" \/>\n\t<meta name=\"twitter:data1\" content=\"Jay\" \/>\n\t<meta name=\"twitter:label2\" content=\"Dur\u00e9e de lecture estim\u00e9e\" \/>\n\t<meta name=\"twitter:data2\" content=\"1 minute\" \/>\n<script type=\"application\/ld+json\" class=\"yoast-schema-graph\">{\"@context\":\"https:\\\/\\\/schema.org\",\"@graph\":[{\"@type\":\"Article\",\"@id\":\"https:\\\/\\\/www.cahr-acrv.ca\\\/fr\\\/un-article\\\/appel-de-mises-en-candidatures-conseil-dadministration-de-lacrv\\\/#article\",\"isPartOf\":{\"@id\":\"https:\\\/\\\/www.cahr-acrv.ca\\\/fr\\\/un-article\\\/appel-de-mises-en-candidatures-conseil-dadministration-de-lacrv\\\/\"},\"author\":{\"name\":\"Jay\",\"@id\":\"https:\\\/\\\/www.cahr-acrv.ca\\\/#\\\/schema\\\/person\\\/027e76acb03ba9e90c32bc1f76c38572\"},\"headline\":\"Appel de mises en candidatures\u00a0: Conseil d\u2019administration de l\u2019ACRV\",\"datePublished\":\"2021-02-01T16:40:21+00:00\",\"dateModified\":\"2021-02-01T16:46:41+00:00\",\"mainEntityOfPage\":{\"@id\":\"https:\\\/\\\/www.cahr-acrv.ca\\\/fr\\\/un-article\\\/appel-de-mises-en-candidatures-conseil-dadministration-de-lacrv\\\/\"},\"wordCount\":134,\"publisher\":{\"@id\":\"https:\\\/\\\/www.cahr-acrv.ca\\\/#organization\"},\"articleSection\":[\"un Article\"],\"inLanguage\":\"fr-FR\"},{\"@type\":\"WebPage\",\"@id\":\"https:\\\/\\\/www.cahr-acrv.ca\\\/fr\\\/un-article\\\/appel-de-mises-en-candidatures-conseil-dadministration-de-lacrv\\\/\",\"url\":\"https:\\\/\\\/www.cahr-acrv.ca\\\/fr\\\/un-article\\\/appel-de-mises-en-candidatures-conseil-dadministration-de-lacrv\\\/\",\"name\":\"Appel de mises en candidatures\u00a0: Conseil d\u2019administration de l\u2019ACRV &#8211; ACRV\",\"isPartOf\":{\"@id\":\"https:\\\/\\\/www.cahr-acrv.ca\\\/#website\"},\"datePublished\":\"2021-02-01T16:40:21+00:00\",\"dateModified\":\"2021-02-01T16:46:41+00:00\",\"breadcrumb\":{\"@id\":\"https:\\\/\\\/www.cahr-acrv.ca\\\/fr\\\/un-article\\\/appel-de-mises-en-candidatures-conseil-dadministration-de-lacrv\\\/#breadcrumb\"},\"inLanguage\":\"fr-FR\",\"potentialAction\":[{\"@type\":\"ReadAction\",\"target\":[\"https:\\\/\\\/www.cahr-acrv.ca\\\/fr\\\/un-article\\\/appel-de-mises-en-candidatures-conseil-dadministration-de-lacrv\\\/\"]}]},{\"@type\":\"BreadcrumbList\",\"@id\":\"https:\\\/\\\/www.cahr-acrv.ca\\\/fr\\\/un-article\\\/appel-de-mises-en-candidatures-conseil-dadministration-de-lacrv\\\/#breadcrumb\",\"itemListElement\":[{\"@type\":\"ListItem\",\"position\":1,\"name\":\"Accueil\",\"item\":\"https:\\\/\\\/www.cahr-acrv.ca\\\/fr\\\/accueil\\\/\"},{\"@type\":\"ListItem\",\"position\":2,\"name\":\"Appel de mises en candidatures\u00a0: Conseil d\u2019administration de l\u2019ACRV\"}]},{\"@type\":\"WebSite\",\"@id\":\"https:\\\/\\\/www.cahr-acrv.ca\\\/#website\",\"url\":\"https:\\\/\\\/www.cahr-acrv.ca\\\/\",\"name\":\"ACRV\",\"description\":\"L'association canadienne de recherche sur le VIH\",\"publisher\":{\"@id\":\"https:\\\/\\\/www.cahr-acrv.ca\\\/#organization\"},\"potentialAction\":[{\"@type\":\"SearchAction\",\"target\":{\"@type\":\"EntryPoint\",\"urlTemplate\":\"https:\\\/\\\/www.cahr-acrv.ca\\\/?s={search_term_string}\"},\"query-input\":{\"@type\":\"PropertyValueSpecification\",\"valueRequired\":true,\"valueName\":\"search_term_string\"}}],\"inLanguage\":\"fr-FR\"},{\"@type\":\"Organization\",\"@id\":\"https:\\\/\\\/www.cahr-acrv.ca\\\/#organization\",\"name\":\"Canadian Association for HIV Research\",\"alternateName\":\"CAHR\",\"url\":\"https:\\\/\\\/www.cahr-acrv.ca\\\/\",\"logo\":{\"@type\":\"ImageObject\",\"inLanguage\":\"fr-FR\",\"@id\":\"https:\\\/\\\/www.cahr-acrv.ca\\\/#\\\/schema\\\/logo\\\/image\\\/\",\"url\":\"https:\\\/\\\/www.cahr-acrv.ca\\\/wp-content\\\/uploads\\\/2025\\\/06\\\/cahr-organization-logo.png\",\"contentUrl\":\"https:\\\/\\\/www.cahr-acrv.ca\\\/wp-content\\\/uploads\\\/2025\\\/06\\\/cahr-organization-logo.png\",\"width\":696,\"height\":696,\"caption\":\"Canadian Association for HIV Research\"},\"image\":{\"@id\":\"https:\\\/\\\/www.cahr-acrv.ca\\\/#\\\/schema\\\/logo\\\/image\\\/\"},\"sameAs\":[\"https:\\\/\\\/www.facebook.com\\\/CanadianAssociationforHIVResearch\",\"https:\\\/\\\/x.com\\\/CAHR_ACRV\",\"https:\\\/\\\/bsky.app\\\/profile\\\/cahr-acrv.bsky.social\",\"https:\\\/\\\/www.youtube.com\\\/user\\\/CAHRACRV\",\"https:\\\/\\\/www.instagram.com\\\/cahr_acrv\\\/\",\"https:\\\/\\\/www.linkedin.com\\\/company\\\/canadian-association-for-hiv-research\\\/\"]},{\"@type\":\"Person\",\"@id\":\"https:\\\/\\\/www.cahr-acrv.ca\\\/#\\\/schema\\\/person\\\/027e76acb03ba9e90c32bc1f76c38572\",\"name\":\"Jay\",\"image\":{\"@type\":\"ImageObject\",\"inLanguage\":\"fr-FR\",\"@id\":\"https:\\\/\\\/secure.gravatar.com\\\/avatar\\\/31e31149ef35ad5e6ce7f3e33c355bf3e20940029cb1d8df97c1180323cd6d6a?s=96&d=mm&r=g\",\"url\":\"https:\\\/\\\/secure.gravatar.com\\\/avatar\\\/31e31149ef35ad5e6ce7f3e33c355bf3e20940029cb1d8df97c1180323cd6d6a?s=96&d=mm&r=g\",\"contentUrl\":\"https:\\\/\\\/secure.gravatar.com\\\/avatar\\\/31e31149ef35ad5e6ce7f3e33c355bf3e20940029cb1d8df97c1180323cd6d6a?s=96&d=mm&r=g\",\"caption\":\"Jay\"}}]}<\/script>\n<!-- \/ Yoast SEO plugin. -->","yoast_head_json":{"title":"Appel de mises en candidatures\u00a0: Conseil d\u2019administration de l\u2019ACRV &#8211; ACRV","robots":{"index":"index","follow":"follow","max-snippet":"max-snippet:-1","max-image-preview":"max-image-preview:large","max-video-preview":"max-video-preview:-1"},"canonical":"https:\/\/www.cahr-acrv.ca\/fr\/un-article\/appel-de-mises-en-candidatures-conseil-dadministration-de-lacrv\/","og_locale":"fr_FR","og_type":"article","og_title":"Appel de mises en candidatures\u00a0: Conseil d\u2019administration de l\u2019ACRV &#8211; ACRV","og_description":"L\u2019Association canadienne de recherche sur le VIH (ACRV) souhaite recevoir des mises en candidature pour l\u2019\u00e9lection g\u00e9n\u00e9rale des nouveaux administrateurs du Conseil, qui serviront un mandat de deux ans \u00e0 compter de mai 2021. L\u2019ACRV souhaite recevoir des candidatures de membres apportant des points de vue de l\u2019ensemble du pays, issus de d\u00e9marches de recherche [&hellip;]","og_url":"https:\/\/www.cahr-acrv.ca\/fr\/un-article\/appel-de-mises-en-candidatures-conseil-dadministration-de-lacrv\/","og_site_name":"ACRV","article_publisher":"https:\/\/www.facebook.com\/CanadianAssociationforHIVResearch","article_published_time":"2021-02-01T16:40:21+00:00","article_modified_time":"2021-02-01T16:46:41+00:00","author":"Jay","twitter_card":"summary_large_image","twitter_creator":"@CAHR_ACRV","twitter_site":"@CAHR_ACRV","twitter_misc":{"\u00c9crit par":"Jay","Dur\u00e9e de lecture estim\u00e9e":"1 minute"},"schema":{"@context":"https:\/\/schema.org","@graph":[{"@type":"Article","@id":"https:\/\/www.cahr-acrv.ca\/fr\/un-article\/appel-de-mises-en-candidatures-conseil-dadministration-de-lacrv\/#article","isPartOf":{"@id":"https:\/\/www.cahr-acrv.ca\/fr\/un-article\/appel-de-mises-en-candidatures-conseil-dadministration-de-lacrv\/"},"author":{"name":"Jay","@id":"https:\/\/www.cahr-acrv.ca\/#\/schema\/person\/027e76acb03ba9e90c32bc1f76c38572"},"headline":"Appel de mises en candidatures\u00a0: Conseil d\u2019administration de l\u2019ACRV","datePublished":"2021-02-01T16:40:21+00:00","dateModified":"2021-02-01T16:46:41+00:00","mainEntityOfPage":{"@id":"https:\/\/www.cahr-acrv.ca\/fr\/un-article\/appel-de-mises-en-candidatures-conseil-dadministration-de-lacrv\/"},"wordCount":134,"publisher":{"@id":"https:\/\/www.cahr-acrv.ca\/#organization"},"articleSection":["un Article"],"inLanguage":"fr-FR"},{"@type":"WebPage","@id":"https:\/\/www.cahr-acrv.ca\/fr\/un-article\/appel-de-mises-en-candidatures-conseil-dadministration-de-lacrv\/","url":"https:\/\/www.cahr-acrv.ca\/fr\/un-article\/appel-de-mises-en-candidatures-conseil-dadministration-de-lacrv\/","name":"Appel de mises en candidatures\u00a0: Conseil d\u2019administration de l\u2019ACRV &#8211; ACRV","isPartOf":{"@id":"https:\/\/www.cahr-acrv.ca\/#website"},"datePublished":"2021-02-01T16:40:21+00:00","dateModified":"2021-02-01T16:46:41+00:00","breadcrumb":{"@id":"https:\/\/www.cahr-acrv.ca\/fr\/un-article\/appel-de-mises-en-candidatures-conseil-dadministration-de-lacrv\/#breadcrumb"},"inLanguage":"fr-FR","potentialAction":[{"@type":"ReadAction","target":["https:\/\/www.cahr-acrv.ca\/fr\/un-article\/appel-de-mises-en-candidatures-conseil-dadministration-de-lacrv\/"]}]},{"@type":"BreadcrumbList","@id":"https:\/\/www.cahr-acrv.ca\/fr\/un-article\/appel-de-mises-en-candidatures-conseil-dadministration-de-lacrv\/#breadcrumb","itemListElement":[{"@type":"ListItem","position":1,"name":"Accueil","item":"https:\/\/www.cahr-acrv.ca\/fr\/accueil\/"},{"@type":"ListItem","position":2,"name":"Appel de mises en candidatures\u00a0: Conseil d\u2019administration de l\u2019ACRV"}]},{"@type":"WebSite","@id":"https:\/\/www.cahr-acrv.ca\/#website","url":"https:\/\/www.cahr-acrv.ca\/","name":"ACRV","description":"L'association canadienne de recherche sur le VIH","publisher":{"@id":"https:\/\/www.cahr-acrv.ca\/#organization"},"potentialAction":[{"@type":"SearchAction","target":{"@type":"EntryPoint","urlTemplate":"https:\/\/www.cahr-acrv.ca\/?s={search_term_string}"},"query-input":{"@type":"PropertyValueSpecification","valueRequired":true,"valueName":"search_term_string"}}],"inLanguage":"fr-FR"},{"@type":"Organization","@id":"https:\/\/www.cahr-acrv.ca\/#organization","name":"Canadian Association for HIV Research","alternateName":"CAHR","url":"https:\/\/www.cahr-acrv.ca\/","logo":{"@type":"ImageObject","inLanguage":"fr-FR","@id":"https:\/\/www.cahr-acrv.ca\/#\/schema\/logo\/image\/","url":"https:\/\/www.cahr-acrv.ca\/wp-content\/uploads\/2025\/06\/cahr-organization-logo.png","contentUrl":"https:\/\/www.cahr-acrv.ca\/wp-content\/uploads\/2025\/06\/cahr-organization-logo.png","width":696,"height":696,"caption":"Canadian Association for HIV Research"},"image":{"@id":"https:\/\/www.cahr-acrv.ca\/#\/schema\/logo\/image\/"},"sameAs":["https:\/\/www.facebook.com\/CanadianAssociationforHIVResearch","https:\/\/x.com\/CAHR_ACRV","https:\/\/bsky.app\/profile\/cahr-acrv.bsky.social","https:\/\/www.youtube.com\/user\/CAHRACRV","https:\/\/www.instagram.com\/cahr_acrv\/","https:\/\/www.linkedin.com\/company\/canadian-association-for-hiv-research\/"]},{"@type":"Person","@id":"https:\/\/www.cahr-acrv.ca\/#\/schema\/person\/027e76acb03ba9e90c32bc1f76c38572","name":"Jay","image":{"@type":"ImageObject","inLanguage":"fr-FR","@id":"https:\/\/secure.gravatar.com\/avatar\/31e31149ef35ad5e6ce7f3e33c355bf3e20940029cb1d8df97c1180323cd6d6a?s=96&d=mm&r=g","url":"https:\/\/secure.gravatar.com\/avatar\/31e31149ef35ad5e6ce7f3e33c355bf3e20940029cb1d8df97c1180323cd6d6a?s=96&d=mm&r=g","contentUrl":"https:\/\/secure.gravatar.com\/avatar\/31e31149ef35ad5e6ce7f3e33c355bf3e20940029cb1d8df97c1180323cd6d6a?s=96&d=mm&r=g","caption":"Jay"}}]}},"_links":{"self":[{"href":"https:\/\/www.cahr-acrv.ca\/fr\/wp-json\/wp\/v2\/posts\/13172","targetHints":{"allow":["GET"]}}],"collection":[{"href":"https:\/\/www.cahr-acrv.ca\/fr\/wp-json\/wp\/v2\/posts"}],"about":[{"href":"https:\/\/www.cahr-acrv.ca\/fr\/wp-json\/wp\/v2\/types\/post"}],"author":[{"embeddable":true,"href":"https:\/\/www.cahr-acrv.ca\/fr\/wp-json\/wp\/v2\/users\/9"}],"replies":[{"embeddable":true,"href":"https:\/\/www.cahr-acrv.ca\/fr\/wp-json\/wp\/v2\/comments?post=13172"}],"version-history":[{"count":0,"href":"https:\/\/www.cahr-acrv.ca\/fr\/wp-json\/wp\/v2\/posts\/13172\/revisions"}],"wp:attachment":[{"href":"https:\/\/www.cahr-acrv.ca\/fr\/wp-json\/wp\/v2\/media?parent=13172"}],"wp:term":[{"taxonomy":"category","embeddable":true,"href":"https:\/\/www.cahr-acrv.ca\/fr\/wp-json\/wp\/v2\/categories?post=13172"},{"taxonomy":"post_tag","embeddable":true,"href":"https:\/\/www.cahr-acrv.ca\/fr\/wp-json\/wp\/v2\/tags?post=13172"}],"curies":[{"name":"wp","href":"https:\/\/api.w.org\/{rel}","templated":true}]}}