{"id":12997,"date":"2020-04-20T13:27:50","date_gmt":"2020-04-20T17:27:50","guid":{"rendered":"https:\/\/cahr.wpengine.com\/?p=12997"},"modified":"2020-11-09T13:33:52","modified_gmt":"2020-11-09T18:33:52","slug":"le-vih-et-la-covid-19-considerations-cliniques-pour-les-professionnels-de-la-sante-au-canada","status":"publish","type":"post","link":"https:\/\/www.cahr-acrv.ca\/fr\/un-article\/le-vih-et-la-covid-19-considerations-cliniques-pour-les-professionnels-de-la-sante-au-canada\/","title":{"rendered":"Le VIH et la COVID-19 : consid\u00e9rations cliniques pour les professionnels de la sant\u00e9 au canada"},"content":{"rendered":"<p>La pand\u00e9mie de COVID-19 \u00e9volue si rapidement qu\u2019il n\u2019y a eu que peu de recherches et d\u2019observations cliniques concernant les r\u00e9percussions du virus chez les personnes s\u00e9ropositives au VIH. De la sorte, l\u2019Association canadienne de recherche sur le VIH (ACRV) a organis\u00e9 un webinaire \u00e9ducatif r\u00e9unissant un groupe de cliniciens des maladie infectieuse et de pharmaciens et fait ressortir les aspects cliniques du traitement des personnes s\u00e9ropositives au VIH souffrant de la COVID-19 (ou risquant de la contracter).\u00a0 <a href=\"https:\/\/www.cahr-acrv.ca\/fr\/le-vih-et-la-covid-19\/\">https:\/\/www.cahr-acrv.ca\/fr\/le-vih-et-la-covid-19\/<\/a><\/p>\n","protected":false},"excerpt":{"rendered":"<p>La pand\u00e9mie de COVID-19 \u00e9volue si rapidement qu\u2019il n\u2019y a eu que peu de recherches et d\u2019observations cliniques concernant les r\u00e9percussions du virus chez les personnes s\u00e9ropositives au VIH. De la sorte, l\u2019Association canadienne de recherche sur le VIH (ACRV) a organis\u00e9 un webinaire \u00e9ducatif r\u00e9unissant un groupe de cliniciens des maladie infectieuse et de [&hellip;]<\/p>\n","protected":false},"author":9,"featured_media":0,"comment_status":"closed","ping_status":"closed","sticky":false,"template":"","format":"standard","meta":{"_acf_changed":false,"inline_featured_image":false,"footnotes":""},"categories":[4],"tags":[],"class_list":["post-12997","post","type-post","status-publish","format-standard","hentry","category-un-article"],"acf":[],"yoast_head":"<!-- This site is optimized with the Yoast SEO plugin v27.4 - https:\/\/yoast.com\/product\/yoast-seo-wordpress\/ -->\n<title>Le VIH et la COVID-19 : consid\u00e9rations cliniques pour les professionnels de la sant\u00e9 au canada &#8211; ACRV<\/title>\n<meta name=\"robots\" content=\"index, follow, max-snippet:-1, max-image-preview:large, max-video-preview:-1\" \/>\n<link rel=\"canonical\" href=\"https:\/\/www.cahr-acrv.ca\/fr\/un-article\/le-vih-et-la-covid-19-considerations-cliniques-pour-les-professionnels-de-la-sante-au-canada\/\" \/>\n<meta property=\"og:locale\" content=\"fr_FR\" \/>\n<meta property=\"og:type\" content=\"article\" \/>\n<meta property=\"og:title\" content=\"Le VIH et la COVID-19 : consid\u00e9rations cliniques pour les professionnels de la sant\u00e9 au canada &#8211; ACRV\" \/>\n<meta property=\"og:description\" content=\"La pand\u00e9mie de COVID-19 \u00e9volue si rapidement qu\u2019il n\u2019y a eu que peu de recherches et d\u2019observations cliniques concernant les r\u00e9percussions du virus chez les personnes s\u00e9ropositives au VIH. De la sorte, l\u2019Association canadienne de recherche sur le VIH (ACRV) a organis\u00e9 un webinaire \u00e9ducatif r\u00e9unissant un groupe de cliniciens des maladie infectieuse et de [&hellip;]\" \/>\n<meta property=\"og:url\" content=\"https:\/\/www.cahr-acrv.ca\/fr\/un-article\/le-vih-et-la-covid-19-considerations-cliniques-pour-les-professionnels-de-la-sante-au-canada\/\" \/>\n<meta property=\"og:site_name\" content=\"ACRV\" \/>\n<meta property=\"article:publisher\" content=\"https:\/\/www.facebook.com\/CanadianAssociationforHIVResearch\" \/>\n<meta property=\"article:published_time\" content=\"2020-04-20T17:27:50+00:00\" \/>\n<meta property=\"article:modified_time\" content=\"2020-11-09T18:33:52+00:00\" \/>\n<meta name=\"author\" content=\"Jay\" \/>\n<meta name=\"twitter:card\" content=\"summary_large_image\" \/>\n<meta name=\"twitter:creator\" content=\"@CAHR_ACRV\" \/>\n<meta name=\"twitter:site\" content=\"@CAHR_ACRV\" \/>\n<meta name=\"twitter:label1\" content=\"\u00c9crit par\" \/>\n\t<meta name=\"twitter:data1\" content=\"Jay\" \/>\n<script type=\"application\/ld+json\" class=\"yoast-schema-graph\">{\"@context\":\"https:\\\/\\\/schema.org\",\"@graph\":[{\"@type\":\"Article\",\"@id\":\"https:\\\/\\\/www.cahr-acrv.ca\\\/fr\\\/un-article\\\/le-vih-et-la-covid-19-considerations-cliniques-pour-les-professionnels-de-la-sante-au-canada\\\/#article\",\"isPartOf\":{\"@id\":\"https:\\\/\\\/www.cahr-acrv.ca\\\/fr\\\/un-article\\\/le-vih-et-la-covid-19-considerations-cliniques-pour-les-professionnels-de-la-sante-au-canada\\\/\"},\"author\":{\"name\":\"Jay\",\"@id\":\"https:\\\/\\\/www.cahr-acrv.ca\\\/#\\\/schema\\\/person\\\/027e76acb03ba9e90c32bc1f76c38572\"},\"headline\":\"Le VIH et la COVID-19 : consid\u00e9rations cliniques pour les professionnels de la sant\u00e9 au canada\",\"datePublished\":\"2020-04-20T17:27:50+00:00\",\"dateModified\":\"2020-11-09T18:33:52+00:00\",\"mainEntityOfPage\":{\"@id\":\"https:\\\/\\\/www.cahr-acrv.ca\\\/fr\\\/un-article\\\/le-vih-et-la-covid-19-considerations-cliniques-pour-les-professionnels-de-la-sante-au-canada\\\/\"},\"wordCount\":109,\"publisher\":{\"@id\":\"https:\\\/\\\/www.cahr-acrv.ca\\\/#organization\"},\"articleSection\":[\"un Article\"],\"inLanguage\":\"fr-FR\"},{\"@type\":\"WebPage\",\"@id\":\"https:\\\/\\\/www.cahr-acrv.ca\\\/fr\\\/un-article\\\/le-vih-et-la-covid-19-considerations-cliniques-pour-les-professionnels-de-la-sante-au-canada\\\/\",\"url\":\"https:\\\/\\\/www.cahr-acrv.ca\\\/fr\\\/un-article\\\/le-vih-et-la-covid-19-considerations-cliniques-pour-les-professionnels-de-la-sante-au-canada\\\/\",\"name\":\"Le VIH et la COVID-19 : consid\u00e9rations cliniques pour les professionnels de la sant\u00e9 au canada &#8211; ACRV\",\"isPartOf\":{\"@id\":\"https:\\\/\\\/www.cahr-acrv.ca\\\/#website\"},\"datePublished\":\"2020-04-20T17:27:50+00:00\",\"dateModified\":\"2020-11-09T18:33:52+00:00\",\"breadcrumb\":{\"@id\":\"https:\\\/\\\/www.cahr-acrv.ca\\\/fr\\\/un-article\\\/le-vih-et-la-covid-19-considerations-cliniques-pour-les-professionnels-de-la-sante-au-canada\\\/#breadcrumb\"},\"inLanguage\":\"fr-FR\",\"potentialAction\":[{\"@type\":\"ReadAction\",\"target\":[\"https:\\\/\\\/www.cahr-acrv.ca\\\/fr\\\/un-article\\\/le-vih-et-la-covid-19-considerations-cliniques-pour-les-professionnels-de-la-sante-au-canada\\\/\"]}]},{\"@type\":\"BreadcrumbList\",\"@id\":\"https:\\\/\\\/www.cahr-acrv.ca\\\/fr\\\/un-article\\\/le-vih-et-la-covid-19-considerations-cliniques-pour-les-professionnels-de-la-sante-au-canada\\\/#breadcrumb\",\"itemListElement\":[{\"@type\":\"ListItem\",\"position\":1,\"name\":\"Accueil\",\"item\":\"https:\\\/\\\/www.cahr-acrv.ca\\\/fr\\\/accueil\\\/\"},{\"@type\":\"ListItem\",\"position\":2,\"name\":\"Le VIH et la COVID-19 : consid\u00e9rations cliniques pour les professionnels de la sant\u00e9 au canada\"}]},{\"@type\":\"WebSite\",\"@id\":\"https:\\\/\\\/www.cahr-acrv.ca\\\/#website\",\"url\":\"https:\\\/\\\/www.cahr-acrv.ca\\\/\",\"name\":\"ACRV\",\"description\":\"L'association canadienne de recherche sur le VIH\",\"publisher\":{\"@id\":\"https:\\\/\\\/www.cahr-acrv.ca\\\/#organization\"},\"potentialAction\":[{\"@type\":\"SearchAction\",\"target\":{\"@type\":\"EntryPoint\",\"urlTemplate\":\"https:\\\/\\\/www.cahr-acrv.ca\\\/?s={search_term_string}\"},\"query-input\":{\"@type\":\"PropertyValueSpecification\",\"valueRequired\":true,\"valueName\":\"search_term_string\"}}],\"inLanguage\":\"fr-FR\"},{\"@type\":\"Organization\",\"@id\":\"https:\\\/\\\/www.cahr-acrv.ca\\\/#organization\",\"name\":\"Canadian Association for HIV Research\",\"alternateName\":\"CAHR\",\"url\":\"https:\\\/\\\/www.cahr-acrv.ca\\\/\",\"logo\":{\"@type\":\"ImageObject\",\"inLanguage\":\"fr-FR\",\"@id\":\"https:\\\/\\\/www.cahr-acrv.ca\\\/#\\\/schema\\\/logo\\\/image\\\/\",\"url\":\"https:\\\/\\\/www.cahr-acrv.ca\\\/wp-content\\\/uploads\\\/2025\\\/06\\\/cahr-organization-logo.png\",\"contentUrl\":\"https:\\\/\\\/www.cahr-acrv.ca\\\/wp-content\\\/uploads\\\/2025\\\/06\\\/cahr-organization-logo.png\",\"width\":696,\"height\":696,\"caption\":\"Canadian Association for HIV Research\"},\"image\":{\"@id\":\"https:\\\/\\\/www.cahr-acrv.ca\\\/#\\\/schema\\\/logo\\\/image\\\/\"},\"sameAs\":[\"https:\\\/\\\/www.facebook.com\\\/CanadianAssociationforHIVResearch\",\"https:\\\/\\\/x.com\\\/CAHR_ACRV\",\"https:\\\/\\\/bsky.app\\\/profile\\\/cahr-acrv.bsky.social\",\"https:\\\/\\\/www.youtube.com\\\/user\\\/CAHRACRV\",\"https:\\\/\\\/www.instagram.com\\\/cahr_acrv\\\/\",\"https:\\\/\\\/www.linkedin.com\\\/company\\\/canadian-association-for-hiv-research\\\/\"]},{\"@type\":\"Person\",\"@id\":\"https:\\\/\\\/www.cahr-acrv.ca\\\/#\\\/schema\\\/person\\\/027e76acb03ba9e90c32bc1f76c38572\",\"name\":\"Jay\",\"image\":{\"@type\":\"ImageObject\",\"inLanguage\":\"fr-FR\",\"@id\":\"https:\\\/\\\/secure.gravatar.com\\\/avatar\\\/31e31149ef35ad5e6ce7f3e33c355bf3e20940029cb1d8df97c1180323cd6d6a?s=96&d=mm&r=g\",\"url\":\"https:\\\/\\\/secure.gravatar.com\\\/avatar\\\/31e31149ef35ad5e6ce7f3e33c355bf3e20940029cb1d8df97c1180323cd6d6a?s=96&d=mm&r=g\",\"contentUrl\":\"https:\\\/\\\/secure.gravatar.com\\\/avatar\\\/31e31149ef35ad5e6ce7f3e33c355bf3e20940029cb1d8df97c1180323cd6d6a?s=96&d=mm&r=g\",\"caption\":\"Jay\"}}]}<\/script>\n<!-- \/ Yoast SEO plugin. -->","yoast_head_json":{"title":"Le VIH et la COVID-19 : consid\u00e9rations cliniques pour les professionnels de la sant\u00e9 au canada &#8211; ACRV","robots":{"index":"index","follow":"follow","max-snippet":"max-snippet:-1","max-image-preview":"max-image-preview:large","max-video-preview":"max-video-preview:-1"},"canonical":"https:\/\/www.cahr-acrv.ca\/fr\/un-article\/le-vih-et-la-covid-19-considerations-cliniques-pour-les-professionnels-de-la-sante-au-canada\/","og_locale":"fr_FR","og_type":"article","og_title":"Le VIH et la COVID-19 : consid\u00e9rations cliniques pour les professionnels de la sant\u00e9 au canada &#8211; ACRV","og_description":"La pand\u00e9mie de COVID-19 \u00e9volue si rapidement qu\u2019il n\u2019y a eu que peu de recherches et d\u2019observations cliniques concernant les r\u00e9percussions du virus chez les personnes s\u00e9ropositives au VIH. De la sorte, l\u2019Association canadienne de recherche sur le VIH (ACRV) a organis\u00e9 un webinaire \u00e9ducatif r\u00e9unissant un groupe de cliniciens des maladie infectieuse et de [&hellip;]","og_url":"https:\/\/www.cahr-acrv.ca\/fr\/un-article\/le-vih-et-la-covid-19-considerations-cliniques-pour-les-professionnels-de-la-sante-au-canada\/","og_site_name":"ACRV","article_publisher":"https:\/\/www.facebook.com\/CanadianAssociationforHIVResearch","article_published_time":"2020-04-20T17:27:50+00:00","article_modified_time":"2020-11-09T18:33:52+00:00","author":"Jay","twitter_card":"summary_large_image","twitter_creator":"@CAHR_ACRV","twitter_site":"@CAHR_ACRV","twitter_misc":{"\u00c9crit par":"Jay"},"schema":{"@context":"https:\/\/schema.org","@graph":[{"@type":"Article","@id":"https:\/\/www.cahr-acrv.ca\/fr\/un-article\/le-vih-et-la-covid-19-considerations-cliniques-pour-les-professionnels-de-la-sante-au-canada\/#article","isPartOf":{"@id":"https:\/\/www.cahr-acrv.ca\/fr\/un-article\/le-vih-et-la-covid-19-considerations-cliniques-pour-les-professionnels-de-la-sante-au-canada\/"},"author":{"name":"Jay","@id":"https:\/\/www.cahr-acrv.ca\/#\/schema\/person\/027e76acb03ba9e90c32bc1f76c38572"},"headline":"Le VIH et la COVID-19 : consid\u00e9rations cliniques pour les professionnels de la sant\u00e9 au canada","datePublished":"2020-04-20T17:27:50+00:00","dateModified":"2020-11-09T18:33:52+00:00","mainEntityOfPage":{"@id":"https:\/\/www.cahr-acrv.ca\/fr\/un-article\/le-vih-et-la-covid-19-considerations-cliniques-pour-les-professionnels-de-la-sante-au-canada\/"},"wordCount":109,"publisher":{"@id":"https:\/\/www.cahr-acrv.ca\/#organization"},"articleSection":["un Article"],"inLanguage":"fr-FR"},{"@type":"WebPage","@id":"https:\/\/www.cahr-acrv.ca\/fr\/un-article\/le-vih-et-la-covid-19-considerations-cliniques-pour-les-professionnels-de-la-sante-au-canada\/","url":"https:\/\/www.cahr-acrv.ca\/fr\/un-article\/le-vih-et-la-covid-19-considerations-cliniques-pour-les-professionnels-de-la-sante-au-canada\/","name":"Le VIH et la COVID-19 : consid\u00e9rations cliniques pour les professionnels de la sant\u00e9 au canada &#8211; ACRV","isPartOf":{"@id":"https:\/\/www.cahr-acrv.ca\/#website"},"datePublished":"2020-04-20T17:27:50+00:00","dateModified":"2020-11-09T18:33:52+00:00","breadcrumb":{"@id":"https:\/\/www.cahr-acrv.ca\/fr\/un-article\/le-vih-et-la-covid-19-considerations-cliniques-pour-les-professionnels-de-la-sante-au-canada\/#breadcrumb"},"inLanguage":"fr-FR","potentialAction":[{"@type":"ReadAction","target":["https:\/\/www.cahr-acrv.ca\/fr\/un-article\/le-vih-et-la-covid-19-considerations-cliniques-pour-les-professionnels-de-la-sante-au-canada\/"]}]},{"@type":"BreadcrumbList","@id":"https:\/\/www.cahr-acrv.ca\/fr\/un-article\/le-vih-et-la-covid-19-considerations-cliniques-pour-les-professionnels-de-la-sante-au-canada\/#breadcrumb","itemListElement":[{"@type":"ListItem","position":1,"name":"Accueil","item":"https:\/\/www.cahr-acrv.ca\/fr\/accueil\/"},{"@type":"ListItem","position":2,"name":"Le VIH et la COVID-19 : consid\u00e9rations cliniques pour les professionnels de la sant\u00e9 au canada"}]},{"@type":"WebSite","@id":"https:\/\/www.cahr-acrv.ca\/#website","url":"https:\/\/www.cahr-acrv.ca\/","name":"ACRV","description":"L'association canadienne de recherche sur le VIH","publisher":{"@id":"https:\/\/www.cahr-acrv.ca\/#organization"},"potentialAction":[{"@type":"SearchAction","target":{"@type":"EntryPoint","urlTemplate":"https:\/\/www.cahr-acrv.ca\/?s={search_term_string}"},"query-input":{"@type":"PropertyValueSpecification","valueRequired":true,"valueName":"search_term_string"}}],"inLanguage":"fr-FR"},{"@type":"Organization","@id":"https:\/\/www.cahr-acrv.ca\/#organization","name":"Canadian Association for HIV Research","alternateName":"CAHR","url":"https:\/\/www.cahr-acrv.ca\/","logo":{"@type":"ImageObject","inLanguage":"fr-FR","@id":"https:\/\/www.cahr-acrv.ca\/#\/schema\/logo\/image\/","url":"https:\/\/www.cahr-acrv.ca\/wp-content\/uploads\/2025\/06\/cahr-organization-logo.png","contentUrl":"https:\/\/www.cahr-acrv.ca\/wp-content\/uploads\/2025\/06\/cahr-organization-logo.png","width":696,"height":696,"caption":"Canadian Association for HIV Research"},"image":{"@id":"https:\/\/www.cahr-acrv.ca\/#\/schema\/logo\/image\/"},"sameAs":["https:\/\/www.facebook.com\/CanadianAssociationforHIVResearch","https:\/\/x.com\/CAHR_ACRV","https:\/\/bsky.app\/profile\/cahr-acrv.bsky.social","https:\/\/www.youtube.com\/user\/CAHRACRV","https:\/\/www.instagram.com\/cahr_acrv\/","https:\/\/www.linkedin.com\/company\/canadian-association-for-hiv-research\/"]},{"@type":"Person","@id":"https:\/\/www.cahr-acrv.ca\/#\/schema\/person\/027e76acb03ba9e90c32bc1f76c38572","name":"Jay","image":{"@type":"ImageObject","inLanguage":"fr-FR","@id":"https:\/\/secure.gravatar.com\/avatar\/31e31149ef35ad5e6ce7f3e33c355bf3e20940029cb1d8df97c1180323cd6d6a?s=96&d=mm&r=g","url":"https:\/\/secure.gravatar.com\/avatar\/31e31149ef35ad5e6ce7f3e33c355bf3e20940029cb1d8df97c1180323cd6d6a?s=96&d=mm&r=g","contentUrl":"https:\/\/secure.gravatar.com\/avatar\/31e31149ef35ad5e6ce7f3e33c355bf3e20940029cb1d8df97c1180323cd6d6a?s=96&d=mm&r=g","caption":"Jay"}}]}},"_links":{"self":[{"href":"https:\/\/www.cahr-acrv.ca\/fr\/wp-json\/wp\/v2\/posts\/12997","targetHints":{"allow":["GET"]}}],"collection":[{"href":"https:\/\/www.cahr-acrv.ca\/fr\/wp-json\/wp\/v2\/posts"}],"about":[{"href":"https:\/\/www.cahr-acrv.ca\/fr\/wp-json\/wp\/v2\/types\/post"}],"author":[{"embeddable":true,"href":"https:\/\/www.cahr-acrv.ca\/fr\/wp-json\/wp\/v2\/users\/9"}],"replies":[{"embeddable":true,"href":"https:\/\/www.cahr-acrv.ca\/fr\/wp-json\/wp\/v2\/comments?post=12997"}],"version-history":[{"count":0,"href":"https:\/\/www.cahr-acrv.ca\/fr\/wp-json\/wp\/v2\/posts\/12997\/revisions"}],"wp:attachment":[{"href":"https:\/\/www.cahr-acrv.ca\/fr\/wp-json\/wp\/v2\/media?parent=12997"}],"wp:term":[{"taxonomy":"category","embeddable":true,"href":"https:\/\/www.cahr-acrv.ca\/fr\/wp-json\/wp\/v2\/categories?post=12997"},{"taxonomy":"post_tag","embeddable":true,"href":"https:\/\/www.cahr-acrv.ca\/fr\/wp-json\/wp\/v2\/tags?post=12997"}],"curies":[{"name":"wp","href":"https:\/\/api.w.org\/{rel}","templated":true}]}}