{"id":10542,"date":"2019-04-10T13:35:59","date_gmt":"2019-04-10T17:35:59","guid":{"rendered":"https:\/\/cahr.wpengine.com\/?p=10542"},"modified":"2019-04-10T13:44:08","modified_gmt":"2019-04-10T17:44:08","slug":"communique-de-presse-acrv-2019","status":"publish","type":"post","link":"https:\/\/www.cahr-acrv.ca\/fr\/un-article\/communique-de-presse-acrv-2019\/","title":{"rendered":"Scientifiques de renom, meneurs de la collectivit\u00e9 et d\u00e9cideurs se r\u00e9unissent \u00e0 Saskatoon pour d\u00e9battre des derni\u00e8res conclusions de la recherche sur le VIH"},"content":{"rendered":"<p><strong>Diffusion imm\u00e9diate<\/strong><\/p>\n<p><strong>Ottawa (le 10 avril 2019) \u2013<\/strong> Les organisateurs du 28<sup>e<\/sup>\u00a0Congr\u00e8s annuel canadien de recherche sur le VIH\/sida, qui se tiendra \u00e0 Saskatoon du 9 au 12\u00a0mai, ont d\u00e9voil\u00e9 aujourd\u2019hui le programme officiel du congr\u00e8s. Ce congr\u00e8s, plac\u00e9 sous l\u2019\u00e9gide de l\u2019Association canadienne de recherche sur le VIH (ACRV), r\u00e9unira plus de 700\u00a0scientifiques et m\u00e9decins de renom et meneurs de la collectivit\u00e9 et sera couronn\u00e9 en pl\u00e9ni\u00e8re par quatre grands expos\u00e9s ax\u00e9s sur les enjeux n\u00e9vralgiques li\u00e9s \u00e0 la r\u00e9ponse mondiale au VIH\/sida.<\/p>\n<p>Les copr\u00e9sidentes du congr\u00e8s, les Dres Alexandra King, chaire Cameco en sant\u00e9 autochtone (Universit\u00e9 de la Saskatchewan) et Linda Chelico, professeure agr\u00e9g\u00e9e au d\u00e9partement de Microbiologie et d\u2019Immunologie (Universit\u00e9 de la Saskatchewan) et un coresponsable de la Saskatchewan HIV\/AIDS Research Endeavor (SHARE) \u2013 a choisi le th\u00e8me \u00ab\u00a0<strong>Wuniska\u00a0\u00bb<\/strong> pour l\u2019\u00e9v\u00e9nement de cette ann\u00e9e.<\/p>\n<p>\u00ab\u00a0Pour l\u2019ACRV 2019, nous avons mis en vedette les membres de la collectivit\u00e9,\u00a0\u00bb de dire les Dres King et Chelico. \u00ab\u00a0Le th\u00e8me, Wuniska (signifie R\u00e9veille-toi, L\u00e8ve-toi! En langues cri et saulteaux) nous a \u00e9t\u00e9 accord\u00e9 par le Comit\u00e9 consultatif patients\/familles de l\u2019administration sanitaire de la Saskatchewan, qui se compose surtout de personnes des Premi\u00e8res Nations et M\u00e9tis qui ont v\u00e9cu l\u2019exp\u00e9rience du VIH. Nous avons \u00e9t\u00e9 \u00e0 l\u2019\u00e9coute de ce qu\u2019ils ressentaient comme important d\u2019aborder dans le pr\u00e9sent congr\u00e8s. La raison de cela est que m\u00eame si 16\u00a0% de la population de la Saskatchewan s\u2019identifie comme Autochtones, ces derniers repr\u00e9sentent 79\u00a0% des nouveaux diagnostics de VIH dans la province.\u00a0\u00bb<\/p>\n<p>Au programme de cette ann\u00e9e figurent les nouvelles connaissances scientifiques sur les grands enjeux li\u00e9s \u00e0 la r\u00e9ponse globale au VIH. Voici les principales s\u00e9ances pl\u00e9ni\u00e8res\u00a0:<\/p>\n<ul>\n<li>Nouvelles strat\u00e9gies pour l\u2019\u00e9radication du VIH \u00bb (Dr Guido Silvestri, Universit\u00e9 Emory)<\/li>\n<li>La coinfection h\u00e9patite C et VIH, en voie de micro\u00e9limination : Quels sont les d\u00e9fis qui demeurent? \u00bb (Dr J\u00fcrgen Rockstroh, Universit\u00e9 de Bonn)<\/li>\n<li>Contestations des hypoth\u00e8ses concernant la pand\u00e9mie de VIH en 2019 \u00bb (Dr Stefan Baral, Universit\u00e9 Johns Hopkins)<\/li>\n<li>En ce temps de r\u00e9conciliation, nous devons, en tant que chercheurs, veiller \u00e0 nous souvenir, il ne s\u2019agit pas de nous! \u00bb (Dr Sean Hillier, Universit\u00e9 York)<\/li>\n<\/ul>\n<p>Points saillants de l\u2019inauguration du congr\u00e8s\u00a0:<\/p>\n<ul>\n<li>Conf\u00e9rence Mark Wainberg, donn\u00e9e cette ann\u00e9e par le Dr\u00a0Mark Tyndall, professeur, \u00c9cole des populations et de la sant\u00e9 publique de l\u2019UBC.<\/li>\n<li>Prix Ruban Rouge 2019 (pr\u00e9sent\u00e9 chaque ann\u00e9e par l\u2019ACRV pour souligner la contribution exceptionnelle \u00e0 la cause de la recherche sur le VIH\/sida), qui sera pr\u00e9sent\u00e9 \u00e0 Trevor Stratton, R\u00e9seau canadien autochtone du sida.<\/li>\n<li>C\u00e9r\u00e9monie des laur\u00e9ats 2019 des Prix d\u2019excellence en recherche ACRV-CANFAR\u00a0:\n<ul>\n<li>Sciences fondamentales : Dr Blake Ball (Laboratoire national d&rsquo;immunologie du VIH \/ Laboratoire national du VIH et de r\u00e9trovirologie \/ JC Wilt Infectious Disease Research Center \/ Agence de sant\u00e9 publique du Canada)<\/li>\n<li>Sciences cliniques : Dr Kelly O\u2019Brien (Universit\u00e9 de Toronto)<\/li>\n<li>\u00c9pid\u00e9miologie et sant\u00e9 publique : Dr Sharmistha Mishra (h\u00f4pital St. Michael\u2019s, Universit\u00e9 de Toronto)<\/li>\n<li>Sciences sociales : Trevor Hart (Universit\u00e9 Ryerson)<\/li>\n<li>Recherche communautaire : Melanie Lee (au nom des 33 pairs associ\u00e9s de recherche de CHIWOS)<\/li>\n<\/ul>\n<\/li>\n<\/ul>\n<p>Le Congr\u00e8s annuel de recherche sur le VIH\/sida a lieu chaque ann\u00e9e dans une ville diff\u00e9rente du Canada. \u00ab\u00a0\u00c0 titre de copr\u00e9sidentes, nous avons jug\u00e9 qu\u2019il \u00e9tait important de constituer un comit\u00e9 scientifique de personnes provenant surtout de la Saskatchewan\u00a0\u00bb, de dire les Dres King et Chelico. \u00ab\u00a0En 2010, deux seulement des 12 membres du comit\u00e9 \u00e9taient originaires de la Saskatchewan. Cette ann\u00e9e, 11 des 13 membres du comit\u00e9 sont de la Saskatchewan et les deux autres sont de nos provinces voisines des Prairies. Ce fait, \u00e0 lui seul, est la preuve de la capacit\u00e9 accrue de la province de mener des recherches sur le VIH\/sida et d\u2019appuyer les membres de notre collectivit\u00e9.\u00a0\u00bb<\/p>\n<p>De plus, le congr\u00e8s rec\u00e8le toute une pl\u00e9iade de s\u00e9ances sp\u00e9ciales sur divers th\u00e8mes, notamment\u00a0: la recherche d\u2019un rem\u00e8de contre le VIH; le r\u00f4le des pairs associ\u00e9s de recherche; les coinfections et l\u2019utilisation de la PrEP chez les personnes qui s\u2019injectent des drogues, ainsi que les solutions innovantes par et pour les Autochtones.<\/p>\n<p style=\"text-align: center;\">&#8212; 30 &#8212;<\/p>\n<p>On estime que 34 millions de personnes vivent avec le VIH. Au Canada, le VIH demeure un enjeu urgent et, chaque ann\u00e9e, le pays conna\u00eet de 2 300 \u00e0 4 300 nouvelles infections et certaines populations sont surrepr\u00e9sent\u00e9es dans l\u2019\u00e9pid\u00e9mie. Plus de 70 000 Canadiens vivent actuellement avec le VIH et de nombreuses autres personnes sont \u00e0 risque de contracter l\u2019infection.<\/p>\n<p>Le congr\u00e8s aura lieu \u00e0 TCU Place, \u00a0\u00e0 Saskatoon.<\/p>\n<p><strong>\u00c0 propos de l\u2019ACRV<\/strong><\/p>\n<p>L\u2019Association de recherche sur le VIH (ACRV) est l\u2019organisme professionnel du domaine de la recherche sur le VIH men\u00e9e au Canada par des Canadiens. L\u2019ACRV regroupe des chercheurs de toutes les disciplines scientifiques sur le VIH\/sida et leur but est d\u2019am\u00e9liorer la pr\u00e9vention et le traitement avec l\u2019objectif ultime d\u2019\u00e9radiquer la maladie et de trouver un rem\u00e8de. Le Congr\u00e8s annuel de l\u2019ACRV est la rencontre canadienne par excellence des personnes qui travaillent dans le domaine du VIH, de m\u00eame que des responsables de l\u2019\u00e9laboration des politiques, des personnes vivant avec le VIH et autres personnes r\u00e9solues \u00e0 mettre fin \u00e0 la pand\u00e9mie.<\/p>\n<p><a href=\"https:\/\/www.cahr-acrv.ca\">www.cahr-acrv.ca<\/a><\/p>\n<p>Voir le site Web du congr\u00e8s \u00e0\u00a0: <a href=\"https:\/\/www.cahr-acrv.ca\/fr\/conference\/\">https:\/\/www.cahr-acrv.ca\/fr\/conference\/<\/a><\/p>\n<p>D\u00e9tails sur les conf\u00e9renciers du congr\u00e8s\u00a0: <a href=\"https:\/\/www.cahr-acrv.ca\/fr\/congres\/programme\/\">https:\/\/www.cahr-acrv.ca\/fr\/congres\/programme\/<\/a><\/p>\n<p>Accr\u00e9ditation des m\u00e9dias\u00a0: <a href=\"https:\/\/www.cahr-acrv.ca\/fr\/conference\/inscription\/#med-acc\">https:\/\/www.cahr-acrv.ca\/fr\/conference\/inscription\/#med-acc<\/a><\/p>\n<p>Personne-ressource : Jay Strauss, courriel : <a href=\"mailto:jsnstrauss@gmail.com\">jsnstrauss@gmail.com<\/a> \u00a0or 905-325-8717<\/p>\n<p>&nbsp;<\/p>\n<p>&nbsp;<\/p>\n","protected":false},"excerpt":{"rendered":"<p>Diffusion imm\u00e9diate Ottawa (le 10 avril 2019) \u2013 Les organisateurs du 28e\u00a0Congr\u00e8s annuel canadien de recherche sur le VIH\/sida, qui se tiendra \u00e0 Saskatoon du 9 au 12\u00a0mai, ont d\u00e9voil\u00e9 aujourd\u2019hui le programme officiel du congr\u00e8s. Ce congr\u00e8s, plac\u00e9 sous l\u2019\u00e9gide de l\u2019Association canadienne de recherche sur le VIH (ACRV), r\u00e9unira plus de 700\u00a0scientifiques et [&hellip;]<\/p>\n","protected":false},"author":9,"featured_media":0,"comment_status":"closed","ping_status":"closed","sticky":false,"template":"","format":"standard","meta":{"_acf_changed":false,"inline_featured_image":false,"footnotes":""},"categories":[4],"tags":[],"class_list":["post-10542","post","type-post","status-publish","format-standard","hentry","category-un-article"],"acf":[],"yoast_head":"<!-- This site is optimized with the Yoast SEO plugin v27.4 - https:\/\/yoast.com\/product\/yoast-seo-wordpress\/ -->\n<title>Scientifiques de renom, meneurs de la collectivit\u00e9 et d\u00e9cideurs se r\u00e9unissent \u00e0 Saskatoon pour d\u00e9battre des derni\u00e8res conclusions de la recherche sur le VIH &#8211; ACRV<\/title>\n<meta name=\"robots\" content=\"index, follow, max-snippet:-1, max-image-preview:large, max-video-preview:-1\" \/>\n<link rel=\"canonical\" href=\"https:\/\/www.cahr-acrv.ca\/fr\/un-article\/communique-de-presse-acrv-2019\/\" \/>\n<meta property=\"og:locale\" content=\"fr_FR\" \/>\n<meta property=\"og:type\" content=\"article\" \/>\n<meta property=\"og:title\" content=\"Scientifiques de renom, meneurs de la collectivit\u00e9 et d\u00e9cideurs se r\u00e9unissent \u00e0 Saskatoon pour d\u00e9battre des derni\u00e8res conclusions de la recherche sur le VIH &#8211; ACRV\" \/>\n<meta property=\"og:description\" content=\"Diffusion imm\u00e9diate Ottawa (le 10 avril 2019) \u2013 Les organisateurs du 28e\u00a0Congr\u00e8s annuel canadien de recherche sur le VIH\/sida, qui se tiendra \u00e0 Saskatoon du 9 au 12\u00a0mai, ont d\u00e9voil\u00e9 aujourd\u2019hui le programme officiel du congr\u00e8s. Ce congr\u00e8s, plac\u00e9 sous l\u2019\u00e9gide de l\u2019Association canadienne de recherche sur le VIH (ACRV), r\u00e9unira plus de 700\u00a0scientifiques et [&hellip;]\" \/>\n<meta property=\"og:url\" content=\"https:\/\/www.cahr-acrv.ca\/fr\/un-article\/communique-de-presse-acrv-2019\/\" \/>\n<meta property=\"og:site_name\" content=\"ACRV\" \/>\n<meta property=\"article:publisher\" content=\"https:\/\/www.facebook.com\/CanadianAssociationforHIVResearch\" \/>\n<meta property=\"article:published_time\" content=\"2019-04-10T17:35:59+00:00\" \/>\n<meta property=\"article:modified_time\" content=\"2019-04-10T17:44:08+00:00\" \/>\n<meta name=\"author\" content=\"Jay\" \/>\n<meta name=\"twitter:card\" content=\"summary_large_image\" \/>\n<meta name=\"twitter:creator\" content=\"@CAHR_ACRV\" \/>\n<meta name=\"twitter:site\" content=\"@CAHR_ACRV\" \/>\n<meta name=\"twitter:label1\" content=\"\u00c9crit par\" \/>\n\t<meta name=\"twitter:data1\" content=\"Jay\" \/>\n\t<meta name=\"twitter:label2\" content=\"Dur\u00e9e de lecture estim\u00e9e\" \/>\n\t<meta name=\"twitter:data2\" content=\"5 minutes\" \/>\n<script type=\"application\/ld+json\" class=\"yoast-schema-graph\">{\"@context\":\"https:\\\/\\\/schema.org\",\"@graph\":[{\"@type\":\"Article\",\"@id\":\"https:\\\/\\\/www.cahr-acrv.ca\\\/fr\\\/un-article\\\/communique-de-presse-acrv-2019\\\/#article\",\"isPartOf\":{\"@id\":\"https:\\\/\\\/www.cahr-acrv.ca\\\/fr\\\/un-article\\\/communique-de-presse-acrv-2019\\\/\"},\"author\":{\"name\":\"Jay\",\"@id\":\"https:\\\/\\\/www.cahr-acrv.ca\\\/#\\\/schema\\\/person\\\/027e76acb03ba9e90c32bc1f76c38572\"},\"headline\":\"Scientifiques de renom, meneurs de la collectivit\u00e9 et d\u00e9cideurs se r\u00e9unissent \u00e0 Saskatoon pour d\u00e9battre des derni\u00e8res conclusions de la recherche sur le VIH\",\"datePublished\":\"2019-04-10T17:35:59+00:00\",\"dateModified\":\"2019-04-10T17:44:08+00:00\",\"mainEntityOfPage\":{\"@id\":\"https:\\\/\\\/www.cahr-acrv.ca\\\/fr\\\/un-article\\\/communique-de-presse-acrv-2019\\\/\"},\"wordCount\":1014,\"publisher\":{\"@id\":\"https:\\\/\\\/www.cahr-acrv.ca\\\/#organization\"},\"articleSection\":[\"un Article\"],\"inLanguage\":\"fr-FR\"},{\"@type\":\"WebPage\",\"@id\":\"https:\\\/\\\/www.cahr-acrv.ca\\\/fr\\\/un-article\\\/communique-de-presse-acrv-2019\\\/\",\"url\":\"https:\\\/\\\/www.cahr-acrv.ca\\\/fr\\\/un-article\\\/communique-de-presse-acrv-2019\\\/\",\"name\":\"Scientifiques de renom, meneurs de la collectivit\u00e9 et d\u00e9cideurs se r\u00e9unissent \u00e0 Saskatoon pour d\u00e9battre des derni\u00e8res conclusions de la recherche sur le VIH &#8211; ACRV\",\"isPartOf\":{\"@id\":\"https:\\\/\\\/www.cahr-acrv.ca\\\/#website\"},\"datePublished\":\"2019-04-10T17:35:59+00:00\",\"dateModified\":\"2019-04-10T17:44:08+00:00\",\"breadcrumb\":{\"@id\":\"https:\\\/\\\/www.cahr-acrv.ca\\\/fr\\\/un-article\\\/communique-de-presse-acrv-2019\\\/#breadcrumb\"},\"inLanguage\":\"fr-FR\",\"potentialAction\":[{\"@type\":\"ReadAction\",\"target\":[\"https:\\\/\\\/www.cahr-acrv.ca\\\/fr\\\/un-article\\\/communique-de-presse-acrv-2019\\\/\"]}]},{\"@type\":\"BreadcrumbList\",\"@id\":\"https:\\\/\\\/www.cahr-acrv.ca\\\/fr\\\/un-article\\\/communique-de-presse-acrv-2019\\\/#breadcrumb\",\"itemListElement\":[{\"@type\":\"ListItem\",\"position\":1,\"name\":\"Accueil\",\"item\":\"https:\\\/\\\/www.cahr-acrv.ca\\\/fr\\\/accueil\\\/\"},{\"@type\":\"ListItem\",\"position\":2,\"name\":\"Scientifiques de renom, meneurs de la collectivit\u00e9 et d\u00e9cideurs se r\u00e9unissent \u00e0 Saskatoon pour d\u00e9battre des derni\u00e8res conclusions de la recherche sur le VIH\"}]},{\"@type\":\"WebSite\",\"@id\":\"https:\\\/\\\/www.cahr-acrv.ca\\\/#website\",\"url\":\"https:\\\/\\\/www.cahr-acrv.ca\\\/\",\"name\":\"ACRV\",\"description\":\"L'association canadienne de recherche sur le VIH\",\"publisher\":{\"@id\":\"https:\\\/\\\/www.cahr-acrv.ca\\\/#organization\"},\"potentialAction\":[{\"@type\":\"SearchAction\",\"target\":{\"@type\":\"EntryPoint\",\"urlTemplate\":\"https:\\\/\\\/www.cahr-acrv.ca\\\/?s={search_term_string}\"},\"query-input\":{\"@type\":\"PropertyValueSpecification\",\"valueRequired\":true,\"valueName\":\"search_term_string\"}}],\"inLanguage\":\"fr-FR\"},{\"@type\":\"Organization\",\"@id\":\"https:\\\/\\\/www.cahr-acrv.ca\\\/#organization\",\"name\":\"Canadian Association for HIV Research\",\"alternateName\":\"CAHR\",\"url\":\"https:\\\/\\\/www.cahr-acrv.ca\\\/\",\"logo\":{\"@type\":\"ImageObject\",\"inLanguage\":\"fr-FR\",\"@id\":\"https:\\\/\\\/www.cahr-acrv.ca\\\/#\\\/schema\\\/logo\\\/image\\\/\",\"url\":\"https:\\\/\\\/www.cahr-acrv.ca\\\/wp-content\\\/uploads\\\/2025\\\/06\\\/cahr-organization-logo.png\",\"contentUrl\":\"https:\\\/\\\/www.cahr-acrv.ca\\\/wp-content\\\/uploads\\\/2025\\\/06\\\/cahr-organization-logo.png\",\"width\":696,\"height\":696,\"caption\":\"Canadian Association for HIV Research\"},\"image\":{\"@id\":\"https:\\\/\\\/www.cahr-acrv.ca\\\/#\\\/schema\\\/logo\\\/image\\\/\"},\"sameAs\":[\"https:\\\/\\\/www.facebook.com\\\/CanadianAssociationforHIVResearch\",\"https:\\\/\\\/x.com\\\/CAHR_ACRV\",\"https:\\\/\\\/bsky.app\\\/profile\\\/cahr-acrv.bsky.social\",\"https:\\\/\\\/www.youtube.com\\\/user\\\/CAHRACRV\",\"https:\\\/\\\/www.instagram.com\\\/cahr_acrv\\\/\",\"https:\\\/\\\/www.linkedin.com\\\/company\\\/canadian-association-for-hiv-research\\\/\"]},{\"@type\":\"Person\",\"@id\":\"https:\\\/\\\/www.cahr-acrv.ca\\\/#\\\/schema\\\/person\\\/027e76acb03ba9e90c32bc1f76c38572\",\"name\":\"Jay\",\"image\":{\"@type\":\"ImageObject\",\"inLanguage\":\"fr-FR\",\"@id\":\"https:\\\/\\\/secure.gravatar.com\\\/avatar\\\/31e31149ef35ad5e6ce7f3e33c355bf3e20940029cb1d8df97c1180323cd6d6a?s=96&d=mm&r=g\",\"url\":\"https:\\\/\\\/secure.gravatar.com\\\/avatar\\\/31e31149ef35ad5e6ce7f3e33c355bf3e20940029cb1d8df97c1180323cd6d6a?s=96&d=mm&r=g\",\"contentUrl\":\"https:\\\/\\\/secure.gravatar.com\\\/avatar\\\/31e31149ef35ad5e6ce7f3e33c355bf3e20940029cb1d8df97c1180323cd6d6a?s=96&d=mm&r=g\",\"caption\":\"Jay\"}}]}<\/script>\n<!-- \/ Yoast SEO plugin. -->","yoast_head_json":{"title":"Scientifiques de renom, meneurs de la collectivit\u00e9 et d\u00e9cideurs se r\u00e9unissent \u00e0 Saskatoon pour d\u00e9battre des derni\u00e8res conclusions de la recherche sur le VIH &#8211; ACRV","robots":{"index":"index","follow":"follow","max-snippet":"max-snippet:-1","max-image-preview":"max-image-preview:large","max-video-preview":"max-video-preview:-1"},"canonical":"https:\/\/www.cahr-acrv.ca\/fr\/un-article\/communique-de-presse-acrv-2019\/","og_locale":"fr_FR","og_type":"article","og_title":"Scientifiques de renom, meneurs de la collectivit\u00e9 et d\u00e9cideurs se r\u00e9unissent \u00e0 Saskatoon pour d\u00e9battre des derni\u00e8res conclusions de la recherche sur le VIH &#8211; ACRV","og_description":"Diffusion imm\u00e9diate Ottawa (le 10 avril 2019) \u2013 Les organisateurs du 28e\u00a0Congr\u00e8s annuel canadien de recherche sur le VIH\/sida, qui se tiendra \u00e0 Saskatoon du 9 au 12\u00a0mai, ont d\u00e9voil\u00e9 aujourd\u2019hui le programme officiel du congr\u00e8s. Ce congr\u00e8s, plac\u00e9 sous l\u2019\u00e9gide de l\u2019Association canadienne de recherche sur le VIH (ACRV), r\u00e9unira plus de 700\u00a0scientifiques et [&hellip;]","og_url":"https:\/\/www.cahr-acrv.ca\/fr\/un-article\/communique-de-presse-acrv-2019\/","og_site_name":"ACRV","article_publisher":"https:\/\/www.facebook.com\/CanadianAssociationforHIVResearch","article_published_time":"2019-04-10T17:35:59+00:00","article_modified_time":"2019-04-10T17:44:08+00:00","author":"Jay","twitter_card":"summary_large_image","twitter_creator":"@CAHR_ACRV","twitter_site":"@CAHR_ACRV","twitter_misc":{"\u00c9crit par":"Jay","Dur\u00e9e de lecture estim\u00e9e":"5 minutes"},"schema":{"@context":"https:\/\/schema.org","@graph":[{"@type":"Article","@id":"https:\/\/www.cahr-acrv.ca\/fr\/un-article\/communique-de-presse-acrv-2019\/#article","isPartOf":{"@id":"https:\/\/www.cahr-acrv.ca\/fr\/un-article\/communique-de-presse-acrv-2019\/"},"author":{"name":"Jay","@id":"https:\/\/www.cahr-acrv.ca\/#\/schema\/person\/027e76acb03ba9e90c32bc1f76c38572"},"headline":"Scientifiques de renom, meneurs de la collectivit\u00e9 et d\u00e9cideurs se r\u00e9unissent \u00e0 Saskatoon pour d\u00e9battre des derni\u00e8res conclusions de la recherche sur le VIH","datePublished":"2019-04-10T17:35:59+00:00","dateModified":"2019-04-10T17:44:08+00:00","mainEntityOfPage":{"@id":"https:\/\/www.cahr-acrv.ca\/fr\/un-article\/communique-de-presse-acrv-2019\/"},"wordCount":1014,"publisher":{"@id":"https:\/\/www.cahr-acrv.ca\/#organization"},"articleSection":["un Article"],"inLanguage":"fr-FR"},{"@type":"WebPage","@id":"https:\/\/www.cahr-acrv.ca\/fr\/un-article\/communique-de-presse-acrv-2019\/","url":"https:\/\/www.cahr-acrv.ca\/fr\/un-article\/communique-de-presse-acrv-2019\/","name":"Scientifiques de renom, meneurs de la collectivit\u00e9 et d\u00e9cideurs se r\u00e9unissent \u00e0 Saskatoon pour d\u00e9battre des derni\u00e8res conclusions de la recherche sur le VIH &#8211; ACRV","isPartOf":{"@id":"https:\/\/www.cahr-acrv.ca\/#website"},"datePublished":"2019-04-10T17:35:59+00:00","dateModified":"2019-04-10T17:44:08+00:00","breadcrumb":{"@id":"https:\/\/www.cahr-acrv.ca\/fr\/un-article\/communique-de-presse-acrv-2019\/#breadcrumb"},"inLanguage":"fr-FR","potentialAction":[{"@type":"ReadAction","target":["https:\/\/www.cahr-acrv.ca\/fr\/un-article\/communique-de-presse-acrv-2019\/"]}]},{"@type":"BreadcrumbList","@id":"https:\/\/www.cahr-acrv.ca\/fr\/un-article\/communique-de-presse-acrv-2019\/#breadcrumb","itemListElement":[{"@type":"ListItem","position":1,"name":"Accueil","item":"https:\/\/www.cahr-acrv.ca\/fr\/accueil\/"},{"@type":"ListItem","position":2,"name":"Scientifiques de renom, meneurs de la collectivit\u00e9 et d\u00e9cideurs se r\u00e9unissent \u00e0 Saskatoon pour d\u00e9battre des derni\u00e8res conclusions de la recherche sur le VIH"}]},{"@type":"WebSite","@id":"https:\/\/www.cahr-acrv.ca\/#website","url":"https:\/\/www.cahr-acrv.ca\/","name":"ACRV","description":"L'association canadienne de recherche sur le VIH","publisher":{"@id":"https:\/\/www.cahr-acrv.ca\/#organization"},"potentialAction":[{"@type":"SearchAction","target":{"@type":"EntryPoint","urlTemplate":"https:\/\/www.cahr-acrv.ca\/?s={search_term_string}"},"query-input":{"@type":"PropertyValueSpecification","valueRequired":true,"valueName":"search_term_string"}}],"inLanguage":"fr-FR"},{"@type":"Organization","@id":"https:\/\/www.cahr-acrv.ca\/#organization","name":"Canadian Association for HIV Research","alternateName":"CAHR","url":"https:\/\/www.cahr-acrv.ca\/","logo":{"@type":"ImageObject","inLanguage":"fr-FR","@id":"https:\/\/www.cahr-acrv.ca\/#\/schema\/logo\/image\/","url":"https:\/\/www.cahr-acrv.ca\/wp-content\/uploads\/2025\/06\/cahr-organization-logo.png","contentUrl":"https:\/\/www.cahr-acrv.ca\/wp-content\/uploads\/2025\/06\/cahr-organization-logo.png","width":696,"height":696,"caption":"Canadian Association for HIV Research"},"image":{"@id":"https:\/\/www.cahr-acrv.ca\/#\/schema\/logo\/image\/"},"sameAs":["https:\/\/www.facebook.com\/CanadianAssociationforHIVResearch","https:\/\/x.com\/CAHR_ACRV","https:\/\/bsky.app\/profile\/cahr-acrv.bsky.social","https:\/\/www.youtube.com\/user\/CAHRACRV","https:\/\/www.instagram.com\/cahr_acrv\/","https:\/\/www.linkedin.com\/company\/canadian-association-for-hiv-research\/"]},{"@type":"Person","@id":"https:\/\/www.cahr-acrv.ca\/#\/schema\/person\/027e76acb03ba9e90c32bc1f76c38572","name":"Jay","image":{"@type":"ImageObject","inLanguage":"fr-FR","@id":"https:\/\/secure.gravatar.com\/avatar\/31e31149ef35ad5e6ce7f3e33c355bf3e20940029cb1d8df97c1180323cd6d6a?s=96&d=mm&r=g","url":"https:\/\/secure.gravatar.com\/avatar\/31e31149ef35ad5e6ce7f3e33c355bf3e20940029cb1d8df97c1180323cd6d6a?s=96&d=mm&r=g","contentUrl":"https:\/\/secure.gravatar.com\/avatar\/31e31149ef35ad5e6ce7f3e33c355bf3e20940029cb1d8df97c1180323cd6d6a?s=96&d=mm&r=g","caption":"Jay"}}]}},"_links":{"self":[{"href":"https:\/\/www.cahr-acrv.ca\/fr\/wp-json\/wp\/v2\/posts\/10542","targetHints":{"allow":["GET"]}}],"collection":[{"href":"https:\/\/www.cahr-acrv.ca\/fr\/wp-json\/wp\/v2\/posts"}],"about":[{"href":"https:\/\/www.cahr-acrv.ca\/fr\/wp-json\/wp\/v2\/types\/post"}],"author":[{"embeddable":true,"href":"https:\/\/www.cahr-acrv.ca\/fr\/wp-json\/wp\/v2\/users\/9"}],"replies":[{"embeddable":true,"href":"https:\/\/www.cahr-acrv.ca\/fr\/wp-json\/wp\/v2\/comments?post=10542"}],"version-history":[{"count":0,"href":"https:\/\/www.cahr-acrv.ca\/fr\/wp-json\/wp\/v2\/posts\/10542\/revisions"}],"wp:attachment":[{"href":"https:\/\/www.cahr-acrv.ca\/fr\/wp-json\/wp\/v2\/media?parent=10542"}],"wp:term":[{"taxonomy":"category","embeddable":true,"href":"https:\/\/www.cahr-acrv.ca\/fr\/wp-json\/wp\/v2\/categories?post=10542"},{"taxonomy":"post_tag","embeddable":true,"href":"https:\/\/www.cahr-acrv.ca\/fr\/wp-json\/wp\/v2\/tags?post=10542"}],"curies":[{"name":"wp","href":"https:\/\/api.w.org\/{rel}","templated":true}]}}